{"id":10312,"date":"2025-11-21T14:05:44","date_gmt":"2025-11-21T17:05:44","guid":{"rendered":"https:\/\/fmgente.com.ar\/cordoba-fpa-allano-un-domicilio-y-secuestro-estupefacientes-en-barrio-patricios\/"},"modified":"2025-11-21T14:05:44","modified_gmt":"2025-11-21T17:05:44","slug":"cordoba-fpa-allano-un-domicilio-y-secuestro-estupefacientes-en-barrio-patricios","status":"publish","type":"post","link":"https:\/\/fmgente.com.ar\/web\/cordoba-fpa-allano-un-domicilio-y-secuestro-estupefacientes-en-barrio-patricios\/","title":{"rendered":"C\u00d3RDOBA: FPA ALLAN\u00d3 UN DOMICILIO Y SECUESTR\u00d3 ESTUPEFACIENTES EN BARRIO PATRICIOS"},"content":{"rendered":"<p>Efectivos de la Fuerza Policial Antinarcotr\u00e1fico llevaron a cabo un allanamiento que culmin\u00f3 con el secuestro de estupefacientes en la ciudad de C\u00f3rdoba.<\/p>\n<p>La irrupci\u00f3n se realiz\u00f3 en una vivienda ubicada sobre calle Pedro Sanguinetto al 3800, en barrio Patricios. Durante el procedimiento se incautaron varias dosis de marihuana, una motocicleta y diversos elementos de inter\u00e9s para la causa.<\/p>\n<p>El operativo est\u00e1 vinculado a un control preventivo realizado por la Polic\u00eda de la Provincia de C\u00f3rdoba. En esa instancia, al divisar el control, el conductor de una motocicleta intent\u00f3 evadirlo y abandon\u00f3 una mochila de reparto que conten\u00eda varias dosis de marihuana.<\/p>\n<p>La Fiscal\u00eda de Lucha Contra el Narcotr\u00e1fico del Tercer Turno supervis\u00f3 el procedimiento y dispuso el traslado de las evidencias a sede judicial, en el marco de una causa por presunta infracci\u00f3n a la Ley Nacional de Estupefacientes 23.737.<\/p>\n<p><img loading=\"lazy\" decoding=\"async\" class=\"alignnone wp-image-53985\" src=\"https:\/\/www.mpfcordoba.gob.ar\/wp-content\/uploads\/2025\/11\/WhatsApp-Image-2025-11-19-at-20.57.45.jpeg\" alt=\"\" width=\"540\" height=\"720\" \/><\/p>\n","protected":false},"excerpt":{"rendered":"<p>Efectivos de la Fuerza Policial Antinarcotr\u00e1fico llevaron a cabo un allanamiento que culmin\u00f3 con el<\/p>\n","protected":false},"author":0,"featured_media":10313,"comment_status":"","ping_status":"","sticky":false,"template":"","format":"standard","meta":{"footnotes":""},"categories":[1794],"tags":[],"class_list":["post-10312","post","type-post","status-publish","format-standard","has-post-thumbnail","hentry","category-policiales"],"yoast_head":"<!-- This site is optimized with the Yoast SEO plugin v27.4 - https:\/\/yoast.com\/product\/yoast-seo-wordpress\/ -->\n<title>C\u00d3RDOBA: FPA ALLAN\u00d3 UN DOMICILIO Y SECUESTR\u00d3 ESTUPEFACIENTES EN BARRIO PATRICIOS - Fm Gente<\/title>\n<meta name=\"robots\" content=\"index, follow, max-snippet:-1, max-image-preview:large, max-video-preview:-1\" \/>\n<link rel=\"canonical\" href=\"https:\/\/fmgente.com.ar\/web\/cordoba-fpa-allano-un-domicilio-y-secuestro-estupefacientes-en-barrio-patricios\/\" \/>\n<meta property=\"og:locale\" content=\"es_ES\" \/>\n<meta property=\"og:type\" content=\"article\" \/>\n<meta property=\"og:title\" content=\"C\u00d3RDOBA: FPA ALLAN\u00d3 UN DOMICILIO Y SECUESTR\u00d3 ESTUPEFACIENTES EN BARRIO PATRICIOS - Fm Gente\" \/>\n<meta property=\"og:description\" content=\"Efectivos de la Fuerza Policial Antinarcotr\u00e1fico llevaron a cabo un allanamiento que culmin\u00f3 con el\" \/>\n<meta property=\"og:url\" content=\"https:\/\/fmgente.com.ar\/web\/cordoba-fpa-allano-un-domicilio-y-secuestro-estupefacientes-en-barrio-patricios\/\" \/>\n<meta property=\"og:site_name\" content=\"Fm Gente\" \/>\n<meta property=\"article:published_time\" content=\"2025-11-21T17:05:44+00:00\" \/>\n<meta property=\"og:image\" content=\"https:\/\/fmgente.com.ar\/web\/wp-content\/uploads\/2025\/11\/WhatsApp-Image-2025-11-19-at-20.57.45.jpeg\" \/>\n\t<meta property=\"og:image:width\" content=\"1200\" \/>\n\t<meta property=\"og:image:height\" content=\"1600\" \/>\n\t<meta property=\"og:image:type\" content=\"image\/jpeg\" \/>\n<meta name=\"twitter:card\" content=\"summary_large_image\" \/>\n<meta name=\"twitter:label1\" content=\"Tiempo de lectura\" \/>\n\t<meta name=\"twitter:data1\" content=\"1 minuto\" \/>\n<script type=\"application\/ld+json\" class=\"yoast-schema-graph\">{\"@context\":\"https:\\\/\\\/schema.org\",\"@graph\":[{\"@type\":\"Article\",\"@id\":\"https:\\\/\\\/fmgente.com.ar\\\/web\\\/cordoba-fpa-allano-un-domicilio-y-secuestro-estupefacientes-en-barrio-patricios\\\/#article\",\"isPartOf\":{\"@id\":\"https:\\\/\\\/fmgente.com.ar\\\/web\\\/cordoba-fpa-allano-un-domicilio-y-secuestro-estupefacientes-en-barrio-patricios\\\/\"},\"author\":{\"name\":\"\",\"@id\":\"\"},\"headline\":\"C\u00d3RDOBA: FPA ALLAN\u00d3 UN DOMICILIO Y SECUESTR\u00d3 ESTUPEFACIENTES EN BARRIO PATRICIOS\",\"datePublished\":\"2025-11-21T17:05:44+00:00\",\"mainEntityOfPage\":{\"@id\":\"https:\\\/\\\/fmgente.com.ar\\\/web\\\/cordoba-fpa-allano-un-domicilio-y-secuestro-estupefacientes-en-barrio-patricios\\\/\"},\"wordCount\":161,\"publisher\":{\"@id\":\"https:\\\/\\\/fmgente.com.ar\\\/web\\\/#organization\"},\"image\":{\"@id\":\"https:\\\/\\\/fmgente.com.ar\\\/web\\\/cordoba-fpa-allano-un-domicilio-y-secuestro-estupefacientes-en-barrio-patricios\\\/#primaryimage\"},\"thumbnailUrl\":\"https:\\\/\\\/fmgente.com.ar\\\/web\\\/wp-content\\\/uploads\\\/2025\\\/11\\\/WhatsApp-Image-2025-11-19-at-20.57.45.jpeg\",\"articleSection\":[\"POLICIALES\"],\"inLanguage\":\"es\"},{\"@type\":\"WebPage\",\"@id\":\"https:\\\/\\\/fmgente.com.ar\\\/web\\\/cordoba-fpa-allano-un-domicilio-y-secuestro-estupefacientes-en-barrio-patricios\\\/\",\"url\":\"https:\\\/\\\/fmgente.com.ar\\\/web\\\/cordoba-fpa-allano-un-domicilio-y-secuestro-estupefacientes-en-barrio-patricios\\\/\",\"name\":\"C\u00d3RDOBA: FPA ALLAN\u00d3 UN DOMICILIO Y SECUESTR\u00d3 ESTUPEFACIENTES EN BARRIO PATRICIOS - Fm Gente\",\"isPartOf\":{\"@id\":\"https:\\\/\\\/fmgente.com.ar\\\/web\\\/#website\"},\"primaryImageOfPage\":{\"@id\":\"https:\\\/\\\/fmgente.com.ar\\\/web\\\/cordoba-fpa-allano-un-domicilio-y-secuestro-estupefacientes-en-barrio-patricios\\\/#primaryimage\"},\"image\":{\"@id\":\"https:\\\/\\\/fmgente.com.ar\\\/web\\\/cordoba-fpa-allano-un-domicilio-y-secuestro-estupefacientes-en-barrio-patricios\\\/#primaryimage\"},\"thumbnailUrl\":\"https:\\\/\\\/fmgente.com.ar\\\/web\\\/wp-content\\\/uploads\\\/2025\\\/11\\\/WhatsApp-Image-2025-11-19-at-20.57.45.jpeg\",\"datePublished\":\"2025-11-21T17:05:44+00:00\",\"inLanguage\":\"es\",\"potentialAction\":[{\"@type\":\"ReadAction\",\"target\":[\"https:\\\/\\\/fmgente.com.ar\\\/web\\\/cordoba-fpa-allano-un-domicilio-y-secuestro-estupefacientes-en-barrio-patricios\\\/\"]}]},{\"@type\":\"ImageObject\",\"inLanguage\":\"es\",\"@id\":\"https:\\\/\\\/fmgente.com.ar\\\/web\\\/cordoba-fpa-allano-un-domicilio-y-secuestro-estupefacientes-en-barrio-patricios\\\/#primaryimage\",\"url\":\"https:\\\/\\\/fmgente.com.ar\\\/web\\\/wp-content\\\/uploads\\\/2025\\\/11\\\/WhatsApp-Image-2025-11-19-at-20.57.45.jpeg\",\"contentUrl\":\"https:\\\/\\\/fmgente.com.ar\\\/web\\\/wp-content\\\/uploads\\\/2025\\\/11\\\/WhatsApp-Image-2025-11-19-at-20.57.45.jpeg\",\"width\":1200,\"height\":1600},{\"@type\":\"WebSite\",\"@id\":\"https:\\\/\\\/fmgente.com.ar\\\/web\\\/#website\",\"url\":\"https:\\\/\\\/fmgente.com.ar\\\/web\\\/\",\"name\":\"Fm Gente\",\"description\":\"- Jes\u00fas Mar\u00eda\",\"publisher\":{\"@id\":\"https:\\\/\\\/fmgente.com.ar\\\/web\\\/#organization\"},\"potentialAction\":[{\"@type\":\"SearchAction\",\"target\":{\"@type\":\"EntryPoint\",\"urlTemplate\":\"https:\\\/\\\/fmgente.com.ar\\\/web\\\/?s={search_term_string}\"},\"query-input\":{\"@type\":\"PropertyValueSpecification\",\"valueRequired\":true,\"valueName\":\"search_term_string\"}}],\"inLanguage\":\"es\"},{\"@type\":\"Organization\",\"@id\":\"https:\\\/\\\/fmgente.com.ar\\\/web\\\/#organization\",\"name\":\"Fm Gente\",\"url\":\"https:\\\/\\\/fmgente.com.ar\\\/web\\\/\",\"logo\":{\"@type\":\"ImageObject\",\"inLanguage\":\"es\",\"@id\":\"https:\\\/\\\/fmgente.com.ar\\\/web\\\/#\\\/schema\\\/logo\\\/image\\\/\",\"url\":\"https:\\\/\\\/fmgente.com.ar\\\/web\\\/wp-content\\\/uploads\\\/2023\\\/07\\\/cropped-cropped-logo-sombra2.png\",\"contentUrl\":\"https:\\\/\\\/fmgente.com.ar\\\/web\\\/wp-content\\\/uploads\\\/2023\\\/07\\\/cropped-cropped-logo-sombra2.png\",\"width\":1782,\"height\":1782,\"caption\":\"Fm Gente\"},\"image\":{\"@id\":\"https:\\\/\\\/fmgente.com.ar\\\/web\\\/#\\\/schema\\\/logo\\\/image\\\/\"}}]}<\/script>\n<!-- \/ Yoast SEO plugin. -->","yoast_head_json":{"title":"C\u00d3RDOBA: FPA ALLAN\u00d3 UN DOMICILIO Y SECUESTR\u00d3 ESTUPEFACIENTES EN BARRIO PATRICIOS - Fm Gente","robots":{"index":"index","follow":"follow","max-snippet":"max-snippet:-1","max-image-preview":"max-image-preview:large","max-video-preview":"max-video-preview:-1"},"canonical":"https:\/\/fmgente.com.ar\/web\/cordoba-fpa-allano-un-domicilio-y-secuestro-estupefacientes-en-barrio-patricios\/","og_locale":"es_ES","og_type":"article","og_title":"C\u00d3RDOBA: FPA ALLAN\u00d3 UN DOMICILIO Y SECUESTR\u00d3 ESTUPEFACIENTES EN BARRIO PATRICIOS - Fm Gente","og_description":"Efectivos de la Fuerza Policial Antinarcotr\u00e1fico llevaron a cabo un allanamiento que culmin\u00f3 con el","og_url":"https:\/\/fmgente.com.ar\/web\/cordoba-fpa-allano-un-domicilio-y-secuestro-estupefacientes-en-barrio-patricios\/","og_site_name":"Fm Gente","article_published_time":"2025-11-21T17:05:44+00:00","og_image":[{"width":1200,"height":1600,"url":"https:\/\/fmgente.com.ar\/web\/wp-content\/uploads\/2025\/11\/WhatsApp-Image-2025-11-19-at-20.57.45.jpeg","type":"image\/jpeg"}],"twitter_card":"summary_large_image","twitter_misc":{"Tiempo de lectura":"1 minuto"},"schema":{"@context":"https:\/\/schema.org","@graph":[{"@type":"Article","@id":"https:\/\/fmgente.com.ar\/web\/cordoba-fpa-allano-un-domicilio-y-secuestro-estupefacientes-en-barrio-patricios\/#article","isPartOf":{"@id":"https:\/\/fmgente.com.ar\/web\/cordoba-fpa-allano-un-domicilio-y-secuestro-estupefacientes-en-barrio-patricios\/"},"author":{"name":"","@id":""},"headline":"C\u00d3RDOBA: FPA ALLAN\u00d3 UN DOMICILIO Y SECUESTR\u00d3 ESTUPEFACIENTES EN BARRIO PATRICIOS","datePublished":"2025-11-21T17:05:44+00:00","mainEntityOfPage":{"@id":"https:\/\/fmgente.com.ar\/web\/cordoba-fpa-allano-un-domicilio-y-secuestro-estupefacientes-en-barrio-patricios\/"},"wordCount":161,"publisher":{"@id":"https:\/\/fmgente.com.ar\/web\/#organization"},"image":{"@id":"https:\/\/fmgente.com.ar\/web\/cordoba-fpa-allano-un-domicilio-y-secuestro-estupefacientes-en-barrio-patricios\/#primaryimage"},"thumbnailUrl":"https:\/\/fmgente.com.ar\/web\/wp-content\/uploads\/2025\/11\/WhatsApp-Image-2025-11-19-at-20.57.45.jpeg","articleSection":["POLICIALES"],"inLanguage":"es"},{"@type":"WebPage","@id":"https:\/\/fmgente.com.ar\/web\/cordoba-fpa-allano-un-domicilio-y-secuestro-estupefacientes-en-barrio-patricios\/","url":"https:\/\/fmgente.com.ar\/web\/cordoba-fpa-allano-un-domicilio-y-secuestro-estupefacientes-en-barrio-patricios\/","name":"C\u00d3RDOBA: FPA ALLAN\u00d3 UN DOMICILIO Y SECUESTR\u00d3 ESTUPEFACIENTES EN BARRIO PATRICIOS - Fm Gente","isPartOf":{"@id":"https:\/\/fmgente.com.ar\/web\/#website"},"primaryImageOfPage":{"@id":"https:\/\/fmgente.com.ar\/web\/cordoba-fpa-allano-un-domicilio-y-secuestro-estupefacientes-en-barrio-patricios\/#primaryimage"},"image":{"@id":"https:\/\/fmgente.com.ar\/web\/cordoba-fpa-allano-un-domicilio-y-secuestro-estupefacientes-en-barrio-patricios\/#primaryimage"},"thumbnailUrl":"https:\/\/fmgente.com.ar\/web\/wp-content\/uploads\/2025\/11\/WhatsApp-Image-2025-11-19-at-20.57.45.jpeg","datePublished":"2025-11-21T17:05:44+00:00","inLanguage":"es","potentialAction":[{"@type":"ReadAction","target":["https:\/\/fmgente.com.ar\/web\/cordoba-fpa-allano-un-domicilio-y-secuestro-estupefacientes-en-barrio-patricios\/"]}]},{"@type":"ImageObject","inLanguage":"es","@id":"https:\/\/fmgente.com.ar\/web\/cordoba-fpa-allano-un-domicilio-y-secuestro-estupefacientes-en-barrio-patricios\/#primaryimage","url":"https:\/\/fmgente.com.ar\/web\/wp-content\/uploads\/2025\/11\/WhatsApp-Image-2025-11-19-at-20.57.45.jpeg","contentUrl":"https:\/\/fmgente.com.ar\/web\/wp-content\/uploads\/2025\/11\/WhatsApp-Image-2025-11-19-at-20.57.45.jpeg","width":1200,"height":1600},{"@type":"WebSite","@id":"https:\/\/fmgente.com.ar\/web\/#website","url":"https:\/\/fmgente.com.ar\/web\/","name":"Fm Gente","description":"- Jes\u00fas Mar\u00eda","publisher":{"@id":"https:\/\/fmgente.com.ar\/web\/#organization"},"potentialAction":[{"@type":"SearchAction","target":{"@type":"EntryPoint","urlTemplate":"https:\/\/fmgente.com.ar\/web\/?s={search_term_string}"},"query-input":{"@type":"PropertyValueSpecification","valueRequired":true,"valueName":"search_term_string"}}],"inLanguage":"es"},{"@type":"Organization","@id":"https:\/\/fmgente.com.ar\/web\/#organization","name":"Fm Gente","url":"https:\/\/fmgente.com.ar\/web\/","logo":{"@type":"ImageObject","inLanguage":"es","@id":"https:\/\/fmgente.com.ar\/web\/#\/schema\/logo\/image\/","url":"https:\/\/fmgente.com.ar\/web\/wp-content\/uploads\/2023\/07\/cropped-cropped-logo-sombra2.png","contentUrl":"https:\/\/fmgente.com.ar\/web\/wp-content\/uploads\/2023\/07\/cropped-cropped-logo-sombra2.png","width":1782,"height":1782,"caption":"Fm Gente"},"image":{"@id":"https:\/\/fmgente.com.ar\/web\/#\/schema\/logo\/image\/"}}]}},"_links":{"self":[{"href":"https:\/\/fmgente.com.ar\/web\/wp-json\/wp\/v2\/posts\/10312","targetHints":{"allow":["GET"]}}],"collection":[{"href":"https:\/\/fmgente.com.ar\/web\/wp-json\/wp\/v2\/posts"}],"about":[{"href":"https:\/\/fmgente.com.ar\/web\/wp-json\/wp\/v2\/types\/post"}],"replies":[{"embeddable":true,"href":"https:\/\/fmgente.com.ar\/web\/wp-json\/wp\/v2\/comments?post=10312"}],"version-history":[{"count":0,"href":"https:\/\/fmgente.com.ar\/web\/wp-json\/wp\/v2\/posts\/10312\/revisions"}],"wp:featuredmedia":[{"embeddable":true,"href":"https:\/\/fmgente.com.ar\/web\/wp-json\/wp\/v2\/media\/10313"}],"wp:attachment":[{"href":"https:\/\/fmgente.com.ar\/web\/wp-json\/wp\/v2\/media?parent=10312"}],"wp:term":[{"taxonomy":"category","embeddable":true,"href":"https:\/\/fmgente.com.ar\/web\/wp-json\/wp\/v2\/categories?post=10312"},{"taxonomy":"post_tag","embeddable":true,"href":"https:\/\/fmgente.com.ar\/web\/wp-json\/wp\/v2\/tags?post=10312"}],"curies":[{"name":"wp","href":"https:\/\/api.w.org\/{rel}","templated":true}]}}