{"id":10310,"date":"2025-11-21T14:05:37","date_gmt":"2025-11-21T17:05:37","guid":{"rendered":"https:\/\/fmgente.com.ar\/asi-fue-la-charla-de-marcelo-tinelli-y-paula-robles-que-termino-a-los-gritos-y-con-bloqueos-te-parece-decirle-eso-a-juanita\/"},"modified":"2025-11-21T14:05:37","modified_gmt":"2025-11-21T17:05:37","slug":"asi-fue-la-charla-de-marcelo-tinelli-y-paula-robles-que-termino-a-los-gritos-y-con-bloqueos-te-parece-decirle-eso-a-juanita","status":"publish","type":"post","link":"https:\/\/fmgente.com.ar\/web\/asi-fue-la-charla-de-marcelo-tinelli-y-paula-robles-que-termino-a-los-gritos-y-con-bloqueos-te-parece-decirle-eso-a-juanita\/","title":{"rendered":"As\u00ed fue la charla de Marcelo Tinelli y Paula Robles que termin\u00f3 a los gritos y con bloqueos: &quot;\u00bfTe parece decirle eso a Juanita?&quot;"},"content":{"rendered":"<p>Justo ahora que Marcelo y Juanita Tinelli parecen acercar posiciones y estar al borde de un reencuentro trascendi\u00f3 c\u00f3mo fue la charla entre ellos y Paula Robles que termin\u00f3 a los gritos y con bloqueos al por mayor por parte de la muchacha.  Lo contaron en TN al lograr acceso a la declaraci\u00f3n judicial del conductor nacido en Bolivar, en donde se fueron contando c\u00f3mo sucedieron los hechos que derivaron en el tremendo conflicto familiar.<\/p>\n<p>La escena fue reproducida en SQP, el programa que conduce Yanina Latorre, quien consider\u00f3 que este es \u00abel peor momento de Tinelli\u00bb. Ella es una voz autorizada para hablar de \u00e9l: lo conoce mejor que mucha gente ya que fue su amiga durante mucho tiempo y hasta fue varias veces a comer a su casa, el famoso \u00abpiso\u00bb de Le Park Figueroa Alcorta al que no entra casi nadie. Ahora parece haber tomado algo de distancia de Marcelo.<\/p>\n<p>\u00abMarcelo Tinelli est\u00e1 en su peor momento. Abandon\u00f3 el streaming, hoy finalmente fue a declarar y le empezaron a pegar todos en el piso. Aunque a Pampito le duela y le moleste, es verdad. Antes se le atrev\u00edan muy pocos. Carla Conte&#8230; Ahora que est\u00e1 bajo hasta los jurados se le pusieron en contra. Unos desagradecidos, total&#8230;\u00bb asegur\u00f3 Yanina. En el informe que present\u00f3 apareci\u00f3 lo que dijeron en otro programa de Am\u00e9rica y en TN. <\/p>\n<div class=\"mt-box \">\n<h4 class=\"mt-heading\">Mir\u00e1 Tambi\u00e9n<\/h4>\n<p><a href=\"https:\/\/www.paparazzi.com.ar\/teve\/yanina-latorre-le-solto-la-mano-a-marcelo-tinelli-y-revelo-los-peores-datos-de-su-drama-tendria-que-haber-bancado\/\"><\/p>\n<div class=\"mt-content\">\n<div class=\"mt-image-container\"><img decoding=\"async\" src=\"https:\/\/www.paparazzi.com.ar\/wp-content\/uploads\/2025\/11\/Yanina-Latorre-Tinelli-1-359x226.jpg\" alt=\"Yanina Latorre le solt\u00f3 la mano a Marcelo Tinelli y revel\u00f3 los peores datos de su drama: &quot;Tendr\u00eda que haber bancado&quot;\" class=\"mt-image\" loading=\"lazy\" \/><\/div>\n<h5 class=\"mt-title\">Yanina Latorre le solt\u00f3 la mano a Marcelo Tinelli y revel\u00f3 los peores datos de su drama: \u00abTendr\u00eda que haber bancado\u00bb<\/h5>\n<\/div>\n<p><\/a><\/div>\n<p>\u00abB\u00e1sicamente Marcelo Tinelli le dijo al discal que iba a poner el pecho como padre. Confirm\u00f3 que el d\u00eda de los hechos su hija Juanita lo llam\u00f3 para contarle que hab\u00eda recibido una llamada con una amenaza y b\u00e1sicamente le dio si se quiere el mismo relato al fiscal de lo que hab\u00eda denunciado Juanita\u00bb se escucha contar a Mauro Zeta en lo de Sergio Lapeg\u00fce.<\/p>\n<h2 class=\"wp-block-heading\">ASI FUE LA CHARLA DE PAULA ROBLES Y MARCELO TINELLI QUE TERMINO A LOS GRITOS<\/h2>\n<p>En TN fueron directamente al hueso y contaron lo que dijo Tinelli ante la justicia. \u00abYo estaba por grabar una serie en casa. Me estaba maquillando cuando luego veo el tel\u00e9fono y era Juana. Todo por texto fue. \u00abNecesito hablar con vos porque me acaban de amenazar\u00bb. Llorando, dice que le cuenta que \u00abGustavo Scaglione me amenaz\u00f3\u00bb. Tinelli dijo que le pidi\u00f3 que se tranquilizara, y su madre tom\u00f3 el tel\u00e9fono de Juana y le recrimin\u00f3 que no le pod\u00eda pedir tranquilidad a una persona que fue amenazada. Ah\u00ed se cort\u00f3 el di\u00e1logo con Tinelli\u00bb. <\/p>\n<p>\u00abO sea que Tinelli le cont\u00f3 a la justicia que su hija le bloque\u00f3 el telef\u00f3no, lo bloque\u00f3 a \u00e9l mismo, a su pap\u00e1, ella estaba enojada con \u00e9l\u00bb concluyeron en TN. Despu\u00e9s de escuchar eso, Yanina Latorre volvi\u00f3 a la carga y estim\u00f3 que \u00abes mucho peor el v\u00ednculo de lo que sab\u00edamos, con raz\u00f3n Marcelo se baj\u00f3 del streaming. Y Juana nunca entreg\u00f3 el celular, va a quedar archivada la causa. Raro. Yo hubiera seguido en el streaming y hubiera contado. Los que trabajan con \u00e9l lo bancan\u00bb. <\/p>\n<div class=\"mt-box \">\n<h4 class=\"mt-heading\">Mir\u00e1 Tambi\u00e9n<\/h4>\n<p><a href=\"https:\/\/www.paparazzi.com.ar\/teve\/juana-tinelli-se-puso-mas-firme-que-nunca-y-ubico-la-relacion-con-su-papa-en-la-mira-nunca-va-a-existir\/\"><\/p>\n<div class=\"mt-content\">\n<div class=\"mt-image-container\"><img decoding=\"async\" src=\"https:\/\/www.paparazzi.com.ar\/wp-content\/uploads\/2025\/11\/Juana-Tinelli-se-puso-mas-firme-que-nunca-y-ubico-la-relacion-con-su-papa-en-la-mira-22Nunca-va-a-existir.22-359x226.jpg\" alt=\"Juana Tinelli se puso m\u00e1s firme que nunca y ubic\u00f3 la relaci\u00f3n con su pap\u00e1 en la mira: &quot;Nunca va a existir...&quot;\" class=\"mt-image\" loading=\"lazy\" \/><\/div>\n<h5 class=\"mt-title\">Juana Tinelli se puso m\u00e1s firme que nunca y ubic\u00f3 la relaci\u00f3n con su pap\u00e1 en la mira: \u00abNunca va a existir&#8230;\u00bb<\/h5>\n<\/div>\n<p><\/a><\/div>\n<div class=\"mt-box \">\n<h4 class=\"mt-heading\">Mir\u00e1 Tambi\u00e9n<\/h4>\n<p><a href=\"https:\/\/www.paparazzi.com.ar\/teve\/familia-arruinada-lio-ferro-conto-la-verdad-del-terrible-odio-que-se-tienen-con-su-explosiva-hermana-sasha\/\"><\/p>\n<div class=\"mt-content\">\n<div class=\"mt-image-container\"><img decoding=\"async\" src=\"https:\/\/www.paparazzi.com.ar\/wp-content\/uploads\/2025\/11\/lio-sasha-359x226.jpeg\" alt=\"\u00a1Familia arruinada! L\u00edo Ferro cont\u00f3 la verdad del terrible odio que se tienen con su explosiva hermana Sasha\" class=\"mt-image\" loading=\"lazy\" \/><\/div>\n<h5 class=\"mt-title\">\u00a1Familia arruinada! L\u00edo Ferro cont\u00f3 la verdad del terrible odio que se tienen con su explosiva hermana Sasha<\/h5>\n<\/div>\n<p><\/a><\/div>\n<p>The post <a href=\"https:\/\/www.paparazzi.com.ar\/teve\/asi-fue-la-charla-de-marcelo-tinelli-y-paula-robles-que-termino-a-los-gritos-y-con-bloqueos-te-parece-decirle-eso-a-juanita\/\">As\u00ed fue la charla de Marcelo Tinelli y Paula Robles que termin\u00f3 a los gritos y con bloqueos: &quot;\u00bfTe parece decirle eso a Juanita?&quot;<\/a> appeared first on <a href=\"https:\/\/www.paparazzi.com.ar\">Revista Paparazzi<\/a>.<\/p>\n","protected":false},"excerpt":{"rendered":"<p>Justo ahora que Marcelo y Juanita Tinelli parecen acercar posiciones y estar al borde de<\/p>\n","protected":false},"author":0,"featured_media":10311,"comment_status":"","ping_status":"","sticky":false,"template":"","format":"standard","meta":{"footnotes":""},"categories":[11],"tags":[],"class_list":["post-10310","post","type-post","status-publish","format-standard","has-post-thumbnail","hentry","category-destacadas"],"yoast_head":"<!-- This site is optimized with the Yoast SEO plugin v27.4 - https:\/\/yoast.com\/product\/yoast-seo-wordpress\/ -->\n<title>As\u00ed fue la charla de Marcelo Tinelli y Paula Robles que termin\u00f3 a los gritos y con bloqueos: &quot;\u00bfTe parece decirle eso a Juanita?&quot; - Fm Gente<\/title>\n<meta name=\"robots\" content=\"index, follow, max-snippet:-1, max-image-preview:large, max-video-preview:-1\" \/>\n<link rel=\"canonical\" href=\"https:\/\/fmgente.com.ar\/web\/asi-fue-la-charla-de-marcelo-tinelli-y-paula-robles-que-termino-a-los-gritos-y-con-bloqueos-te-parece-decirle-eso-a-juanita\/\" \/>\n<meta property=\"og:locale\" content=\"es_ES\" \/>\n<meta property=\"og:type\" content=\"article\" \/>\n<meta property=\"og:title\" content=\"As\u00ed fue la charla de Marcelo Tinelli y Paula Robles que termin\u00f3 a los gritos y con bloqueos: &quot;\u00bfTe parece decirle eso a Juanita?&quot; - Fm Gente\" \/>\n<meta property=\"og:description\" content=\"Justo ahora que Marcelo y Juanita Tinelli parecen acercar posiciones y estar al borde de\" \/>\n<meta property=\"og:url\" content=\"https:\/\/fmgente.com.ar\/web\/asi-fue-la-charla-de-marcelo-tinelli-y-paula-robles-que-termino-a-los-gritos-y-con-bloqueos-te-parece-decirle-eso-a-juanita\/\" \/>\n<meta property=\"og:site_name\" content=\"Fm Gente\" \/>\n<meta property=\"article:published_time\" content=\"2025-11-21T17:05:37+00:00\" \/>\n<meta property=\"og:image\" content=\"https:\/\/fmgente.com.ar\/web\/wp-content\/uploads\/2025\/11\/Yanina-Latorre-Tinelli-1-359x226-1.jpg\" \/>\n\t<meta property=\"og:image:width\" content=\"359\" \/>\n\t<meta property=\"og:image:height\" content=\"226\" \/>\n\t<meta property=\"og:image:type\" content=\"image\/jpeg\" \/>\n<meta name=\"twitter:card\" content=\"summary_large_image\" \/>\n<meta name=\"twitter:label1\" content=\"Tiempo de lectura\" \/>\n\t<meta name=\"twitter:data1\" content=\"3 minutos\" \/>\n<script type=\"application\/ld+json\" class=\"yoast-schema-graph\">{\"@context\":\"https:\\\/\\\/schema.org\",\"@graph\":[{\"@type\":\"Article\",\"@id\":\"https:\\\/\\\/fmgente.com.ar\\\/web\\\/asi-fue-la-charla-de-marcelo-tinelli-y-paula-robles-que-termino-a-los-gritos-y-con-bloqueos-te-parece-decirle-eso-a-juanita\\\/#article\",\"isPartOf\":{\"@id\":\"https:\\\/\\\/fmgente.com.ar\\\/web\\\/asi-fue-la-charla-de-marcelo-tinelli-y-paula-robles-que-termino-a-los-gritos-y-con-bloqueos-te-parece-decirle-eso-a-juanita\\\/\"},\"author\":{\"name\":\"\",\"@id\":\"\"},\"headline\":\"As\u00ed fue la charla de Marcelo Tinelli y Paula Robles que termin\u00f3 a los gritos y con bloqueos: &quot;\u00bfTe parece decirle eso a Juanita?&quot;\",\"datePublished\":\"2025-11-21T17:05:37+00:00\",\"mainEntityOfPage\":{\"@id\":\"https:\\\/\\\/fmgente.com.ar\\\/web\\\/asi-fue-la-charla-de-marcelo-tinelli-y-paula-robles-que-termino-a-los-gritos-y-con-bloqueos-te-parece-decirle-eso-a-juanita\\\/\"},\"wordCount\":648,\"publisher\":{\"@id\":\"https:\\\/\\\/fmgente.com.ar\\\/web\\\/#organization\"},\"image\":{\"@id\":\"https:\\\/\\\/fmgente.com.ar\\\/web\\\/asi-fue-la-charla-de-marcelo-tinelli-y-paula-robles-que-termino-a-los-gritos-y-con-bloqueos-te-parece-decirle-eso-a-juanita\\\/#primaryimage\"},\"thumbnailUrl\":\"https:\\\/\\\/fmgente.com.ar\\\/web\\\/wp-content\\\/uploads\\\/2025\\\/11\\\/Yanina-Latorre-Tinelli-1-359x226-1.jpg\",\"articleSection\":[\"DESTACADAS\"],\"inLanguage\":\"es\"},{\"@type\":\"WebPage\",\"@id\":\"https:\\\/\\\/fmgente.com.ar\\\/web\\\/asi-fue-la-charla-de-marcelo-tinelli-y-paula-robles-que-termino-a-los-gritos-y-con-bloqueos-te-parece-decirle-eso-a-juanita\\\/\",\"url\":\"https:\\\/\\\/fmgente.com.ar\\\/web\\\/asi-fue-la-charla-de-marcelo-tinelli-y-paula-robles-que-termino-a-los-gritos-y-con-bloqueos-te-parece-decirle-eso-a-juanita\\\/\",\"name\":\"As\u00ed fue la charla de Marcelo Tinelli y Paula Robles que termin\u00f3 a los gritos y con bloqueos: &quot;\u00bfTe parece decirle eso a Juanita?&quot; - Fm Gente\",\"isPartOf\":{\"@id\":\"https:\\\/\\\/fmgente.com.ar\\\/web\\\/#website\"},\"primaryImageOfPage\":{\"@id\":\"https:\\\/\\\/fmgente.com.ar\\\/web\\\/asi-fue-la-charla-de-marcelo-tinelli-y-paula-robles-que-termino-a-los-gritos-y-con-bloqueos-te-parece-decirle-eso-a-juanita\\\/#primaryimage\"},\"image\":{\"@id\":\"https:\\\/\\\/fmgente.com.ar\\\/web\\\/asi-fue-la-charla-de-marcelo-tinelli-y-paula-robles-que-termino-a-los-gritos-y-con-bloqueos-te-parece-decirle-eso-a-juanita\\\/#primaryimage\"},\"thumbnailUrl\":\"https:\\\/\\\/fmgente.com.ar\\\/web\\\/wp-content\\\/uploads\\\/2025\\\/11\\\/Yanina-Latorre-Tinelli-1-359x226-1.jpg\",\"datePublished\":\"2025-11-21T17:05:37+00:00\",\"inLanguage\":\"es\",\"potentialAction\":[{\"@type\":\"ReadAction\",\"target\":[\"https:\\\/\\\/fmgente.com.ar\\\/web\\\/asi-fue-la-charla-de-marcelo-tinelli-y-paula-robles-que-termino-a-los-gritos-y-con-bloqueos-te-parece-decirle-eso-a-juanita\\\/\"]}]},{\"@type\":\"ImageObject\",\"inLanguage\":\"es\",\"@id\":\"https:\\\/\\\/fmgente.com.ar\\\/web\\\/asi-fue-la-charla-de-marcelo-tinelli-y-paula-robles-que-termino-a-los-gritos-y-con-bloqueos-te-parece-decirle-eso-a-juanita\\\/#primaryimage\",\"url\":\"https:\\\/\\\/fmgente.com.ar\\\/web\\\/wp-content\\\/uploads\\\/2025\\\/11\\\/Yanina-Latorre-Tinelli-1-359x226-1.jpg\",\"contentUrl\":\"https:\\\/\\\/fmgente.com.ar\\\/web\\\/wp-content\\\/uploads\\\/2025\\\/11\\\/Yanina-Latorre-Tinelli-1-359x226-1.jpg\",\"width\":359,\"height\":226},{\"@type\":\"WebSite\",\"@id\":\"https:\\\/\\\/fmgente.com.ar\\\/web\\\/#website\",\"url\":\"https:\\\/\\\/fmgente.com.ar\\\/web\\\/\",\"name\":\"Fm Gente\",\"description\":\"- Jes\u00fas Mar\u00eda\",\"publisher\":{\"@id\":\"https:\\\/\\\/fmgente.com.ar\\\/web\\\/#organization\"},\"potentialAction\":[{\"@type\":\"SearchAction\",\"target\":{\"@type\":\"EntryPoint\",\"urlTemplate\":\"https:\\\/\\\/fmgente.com.ar\\\/web\\\/?s={search_term_string}\"},\"query-input\":{\"@type\":\"PropertyValueSpecification\",\"valueRequired\":true,\"valueName\":\"search_term_string\"}}],\"inLanguage\":\"es\"},{\"@type\":\"Organization\",\"@id\":\"https:\\\/\\\/fmgente.com.ar\\\/web\\\/#organization\",\"name\":\"Fm Gente\",\"url\":\"https:\\\/\\\/fmgente.com.ar\\\/web\\\/\",\"logo\":{\"@type\":\"ImageObject\",\"inLanguage\":\"es\",\"@id\":\"https:\\\/\\\/fmgente.com.ar\\\/web\\\/#\\\/schema\\\/logo\\\/image\\\/\",\"url\":\"https:\\\/\\\/fmgente.com.ar\\\/web\\\/wp-content\\\/uploads\\\/2023\\\/07\\\/cropped-cropped-logo-sombra2.png\",\"contentUrl\":\"https:\\\/\\\/fmgente.com.ar\\\/web\\\/wp-content\\\/uploads\\\/2023\\\/07\\\/cropped-cropped-logo-sombra2.png\",\"width\":1782,\"height\":1782,\"caption\":\"Fm Gente\"},\"image\":{\"@id\":\"https:\\\/\\\/fmgente.com.ar\\\/web\\\/#\\\/schema\\\/logo\\\/image\\\/\"}}]}<\/script>\n<!-- \/ Yoast SEO plugin. -->","yoast_head_json":{"title":"As\u00ed fue la charla de Marcelo Tinelli y Paula Robles que termin\u00f3 a los gritos y con bloqueos: &quot;\u00bfTe parece decirle eso a Juanita?&quot; - Fm Gente","robots":{"index":"index","follow":"follow","max-snippet":"max-snippet:-1","max-image-preview":"max-image-preview:large","max-video-preview":"max-video-preview:-1"},"canonical":"https:\/\/fmgente.com.ar\/web\/asi-fue-la-charla-de-marcelo-tinelli-y-paula-robles-que-termino-a-los-gritos-y-con-bloqueos-te-parece-decirle-eso-a-juanita\/","og_locale":"es_ES","og_type":"article","og_title":"As\u00ed fue la charla de Marcelo Tinelli y Paula Robles que termin\u00f3 a los gritos y con bloqueos: &quot;\u00bfTe parece decirle eso a Juanita?&quot; - Fm Gente","og_description":"Justo ahora que Marcelo y Juanita Tinelli parecen acercar posiciones y estar al borde de","og_url":"https:\/\/fmgente.com.ar\/web\/asi-fue-la-charla-de-marcelo-tinelli-y-paula-robles-que-termino-a-los-gritos-y-con-bloqueos-te-parece-decirle-eso-a-juanita\/","og_site_name":"Fm Gente","article_published_time":"2025-11-21T17:05:37+00:00","og_image":[{"width":359,"height":226,"url":"https:\/\/fmgente.com.ar\/web\/wp-content\/uploads\/2025\/11\/Yanina-Latorre-Tinelli-1-359x226-1.jpg","type":"image\/jpeg"}],"twitter_card":"summary_large_image","twitter_misc":{"Tiempo de lectura":"3 minutos"},"schema":{"@context":"https:\/\/schema.org","@graph":[{"@type":"Article","@id":"https:\/\/fmgente.com.ar\/web\/asi-fue-la-charla-de-marcelo-tinelli-y-paula-robles-que-termino-a-los-gritos-y-con-bloqueos-te-parece-decirle-eso-a-juanita\/#article","isPartOf":{"@id":"https:\/\/fmgente.com.ar\/web\/asi-fue-la-charla-de-marcelo-tinelli-y-paula-robles-que-termino-a-los-gritos-y-con-bloqueos-te-parece-decirle-eso-a-juanita\/"},"author":{"name":"","@id":""},"headline":"As\u00ed fue la charla de Marcelo Tinelli y Paula Robles que termin\u00f3 a los gritos y con bloqueos: &quot;\u00bfTe parece decirle eso a Juanita?&quot;","datePublished":"2025-11-21T17:05:37+00:00","mainEntityOfPage":{"@id":"https:\/\/fmgente.com.ar\/web\/asi-fue-la-charla-de-marcelo-tinelli-y-paula-robles-que-termino-a-los-gritos-y-con-bloqueos-te-parece-decirle-eso-a-juanita\/"},"wordCount":648,"publisher":{"@id":"https:\/\/fmgente.com.ar\/web\/#organization"},"image":{"@id":"https:\/\/fmgente.com.ar\/web\/asi-fue-la-charla-de-marcelo-tinelli-y-paula-robles-que-termino-a-los-gritos-y-con-bloqueos-te-parece-decirle-eso-a-juanita\/#primaryimage"},"thumbnailUrl":"https:\/\/fmgente.com.ar\/web\/wp-content\/uploads\/2025\/11\/Yanina-Latorre-Tinelli-1-359x226-1.jpg","articleSection":["DESTACADAS"],"inLanguage":"es"},{"@type":"WebPage","@id":"https:\/\/fmgente.com.ar\/web\/asi-fue-la-charla-de-marcelo-tinelli-y-paula-robles-que-termino-a-los-gritos-y-con-bloqueos-te-parece-decirle-eso-a-juanita\/","url":"https:\/\/fmgente.com.ar\/web\/asi-fue-la-charla-de-marcelo-tinelli-y-paula-robles-que-termino-a-los-gritos-y-con-bloqueos-te-parece-decirle-eso-a-juanita\/","name":"As\u00ed fue la charla de Marcelo Tinelli y Paula Robles que termin\u00f3 a los gritos y con bloqueos: &quot;\u00bfTe parece decirle eso a Juanita?&quot; - Fm Gente","isPartOf":{"@id":"https:\/\/fmgente.com.ar\/web\/#website"},"primaryImageOfPage":{"@id":"https:\/\/fmgente.com.ar\/web\/asi-fue-la-charla-de-marcelo-tinelli-y-paula-robles-que-termino-a-los-gritos-y-con-bloqueos-te-parece-decirle-eso-a-juanita\/#primaryimage"},"image":{"@id":"https:\/\/fmgente.com.ar\/web\/asi-fue-la-charla-de-marcelo-tinelli-y-paula-robles-que-termino-a-los-gritos-y-con-bloqueos-te-parece-decirle-eso-a-juanita\/#primaryimage"},"thumbnailUrl":"https:\/\/fmgente.com.ar\/web\/wp-content\/uploads\/2025\/11\/Yanina-Latorre-Tinelli-1-359x226-1.jpg","datePublished":"2025-11-21T17:05:37+00:00","inLanguage":"es","potentialAction":[{"@type":"ReadAction","target":["https:\/\/fmgente.com.ar\/web\/asi-fue-la-charla-de-marcelo-tinelli-y-paula-robles-que-termino-a-los-gritos-y-con-bloqueos-te-parece-decirle-eso-a-juanita\/"]}]},{"@type":"ImageObject","inLanguage":"es","@id":"https:\/\/fmgente.com.ar\/web\/asi-fue-la-charla-de-marcelo-tinelli-y-paula-robles-que-termino-a-los-gritos-y-con-bloqueos-te-parece-decirle-eso-a-juanita\/#primaryimage","url":"https:\/\/fmgente.com.ar\/web\/wp-content\/uploads\/2025\/11\/Yanina-Latorre-Tinelli-1-359x226-1.jpg","contentUrl":"https:\/\/fmgente.com.ar\/web\/wp-content\/uploads\/2025\/11\/Yanina-Latorre-Tinelli-1-359x226-1.jpg","width":359,"height":226},{"@type":"WebSite","@id":"https:\/\/fmgente.com.ar\/web\/#website","url":"https:\/\/fmgente.com.ar\/web\/","name":"Fm Gente","description":"- Jes\u00fas Mar\u00eda","publisher":{"@id":"https:\/\/fmgente.com.ar\/web\/#organization"},"potentialAction":[{"@type":"SearchAction","target":{"@type":"EntryPoint","urlTemplate":"https:\/\/fmgente.com.ar\/web\/?s={search_term_string}"},"query-input":{"@type":"PropertyValueSpecification","valueRequired":true,"valueName":"search_term_string"}}],"inLanguage":"es"},{"@type":"Organization","@id":"https:\/\/fmgente.com.ar\/web\/#organization","name":"Fm Gente","url":"https:\/\/fmgente.com.ar\/web\/","logo":{"@type":"ImageObject","inLanguage":"es","@id":"https:\/\/fmgente.com.ar\/web\/#\/schema\/logo\/image\/","url":"https:\/\/fmgente.com.ar\/web\/wp-content\/uploads\/2023\/07\/cropped-cropped-logo-sombra2.png","contentUrl":"https:\/\/fmgente.com.ar\/web\/wp-content\/uploads\/2023\/07\/cropped-cropped-logo-sombra2.png","width":1782,"height":1782,"caption":"Fm Gente"},"image":{"@id":"https:\/\/fmgente.com.ar\/web\/#\/schema\/logo\/image\/"}}]}},"_links":{"self":[{"href":"https:\/\/fmgente.com.ar\/web\/wp-json\/wp\/v2\/posts\/10310","targetHints":{"allow":["GET"]}}],"collection":[{"href":"https:\/\/fmgente.com.ar\/web\/wp-json\/wp\/v2\/posts"}],"about":[{"href":"https:\/\/fmgente.com.ar\/web\/wp-json\/wp\/v2\/types\/post"}],"replies":[{"embeddable":true,"href":"https:\/\/fmgente.com.ar\/web\/wp-json\/wp\/v2\/comments?post=10310"}],"version-history":[{"count":0,"href":"https:\/\/fmgente.com.ar\/web\/wp-json\/wp\/v2\/posts\/10310\/revisions"}],"wp:featuredmedia":[{"embeddable":true,"href":"https:\/\/fmgente.com.ar\/web\/wp-json\/wp\/v2\/media\/10311"}],"wp:attachment":[{"href":"https:\/\/fmgente.com.ar\/web\/wp-json\/wp\/v2\/media?parent=10310"}],"wp:term":[{"taxonomy":"category","embeddable":true,"href":"https:\/\/fmgente.com.ar\/web\/wp-json\/wp\/v2\/categories?post=10310"},{"taxonomy":"post_tag","embeddable":true,"href":"https:\/\/fmgente.com.ar\/web\/wp-json\/wp\/v2\/tags?post=10310"}],"curies":[{"name":"wp","href":"https:\/\/api.w.org\/{rel}","templated":true}]}}