{"id":10306,"date":"2025-11-21T13:05:07","date_gmt":"2025-11-21T16:05:07","guid":{"rendered":"https:\/\/fmgente.com.ar\/la-china-suarez-volvio-a-turquia-con-mauro-icardi-pero-sin-sus-tres-hijos-el-verdadero-motivo\/"},"modified":"2025-11-21T13:05:07","modified_gmt":"2025-11-21T16:05:07","slug":"la-china-suarez-volvio-a-turquia-con-mauro-icardi-pero-sin-sus-tres-hijos-el-verdadero-motivo","status":"publish","type":"post","link":"https:\/\/fmgente.com.ar\/web\/la-china-suarez-volvio-a-turquia-con-mauro-icardi-pero-sin-sus-tres-hijos-el-verdadero-motivo\/","title":{"rendered":"La China Su\u00e1rez volvi\u00f3 a Turqu\u00eda con Mauro Icardi pero sin sus tres hijos: el verdadero motivo"},"content":{"rendered":"<p>El viaje rel\u00e1mpago de <strong>Mauro Icardi<\/strong> y la <strong>China Su\u00e1rez <\/strong>lleg\u00f3 a su fin, y con \u00e9l tambi\u00e9n una decisi\u00f3n familiar que sorprendi\u00f3 a todos. Despu\u00e9s de una semana en Argentina, tomaron un vuelo rumbo a Turqu\u00eda para retomar la rutina del delantero en el Galatasaray. Sin embargo, la sorpresa es que regresaron solos, sin los hijos de ella, quienes se quedaron en Buenos Aires.<\/p>\n<p>Si bien es cierto que los ni\u00f1os de la <strong><a href=\"https:\/\/www.paparazzi.com.ar\/romances\/por-que-la-china-suarez-se-bajo-del-casamiento-de-nico-cabre-por-culpa-de-mauro-icardi\/\">China<\/a><\/strong> -su hija con <strong>Nicol\u00e1s Cabr\u00e9<\/strong> y sus peque\u00f1os con <strong>Benjam\u00edn Vicu\u00f1a<\/strong>&#8211; suelen tener varios viajes entre ambos pa\u00edses, en esta oportunidad se cre\u00eda que los menores regresar\u00edan a Estambul. Sin embargo, se quedaron en la Argentina, y por motivos muy diferentes.<\/p>\n<p>Por un lado est\u00e1 el caso de <strong>Rufina<\/strong>, su hija mayor con <strong>Cabr\u00e9<\/strong>. La ni\u00f1a est\u00e1 hace varias semanas en el pa\u00eds, no volvi\u00f3 junto a su mam\u00e1 y <strong>Yanina Latorre<\/strong> cont\u00f3 la verdadera raz\u00f3n. <em>\u201cHasta que sea el casamiento de Nicol\u00e1s se queda en Buenos Aires, no se vuelve con la China\u201d<\/em>, explic\u00f3 en <strong><em>SQP<\/em><\/strong>. Cabe destacar que el actor se casar\u00e1 con <strong>Roc\u00edo Pardo<\/strong> el pr\u00f3ximo 6 de diciembre, en Carlos Paz.<\/p>\n<div class=\"mt-box \">\n<h4 class=\"mt-heading\">Mir\u00e1 Tambi\u00e9n<\/h4>\n<p><a href=\"https:\/\/www.paparazzi.com.ar\/videos\/exclusivo-la-sensible-revelacion-de-luis-ventura-sobre-sus-noches-duermo-con-los-seres-queridos-que-ya-partieron\/\"><\/p>\n<div class=\"mt-content\">\n<div class=\"mt-image-container\"><img decoding=\"async\" src=\"https:\/\/www.paparazzi.com.ar\/wp-content\/uploads\/2025\/11\/Ventura-1-359x226.jpg\" alt=\"\u00a1Exclusivo! La sensible revelaci\u00f3n de Luis Ventura sobre sus noches: &quot;Duermo con los seres queridos que ya partieron&quot;\" class=\"mt-image\" loading=\"lazy\" \/><\/div>\n<h5 class=\"mt-title\">\u00a1Exclusivo! La sensible revelaci\u00f3n de Luis Ventura sobre sus noches: \u00abDuermo con los seres queridos que ya partieron\u00bb<\/h5>\n<\/div>\n<p><\/a><\/div>\n<p>La ni\u00f1a de 12 a\u00f1os no solo est\u00e1 instalada en Argentina, sino que adem\u00e1s se mostr\u00f3 muy unida a <strong>Roc\u00edo<\/strong> en los \u00faltimos d\u00edas. Compartieron mucho tiempo, charlas y diferentes momentos, como parte de la familia ensamblada que formaron. No obstante, luego de la boda <strong>Rufina<\/strong> volver\u00e1 a los brazos de la <strong><a href=\"https:\/\/www.paparazzi.com.ar\/romances\/fuertisimo-descubren-como-la-china-suarez-le-miente-a-mauro-icardi-los-videos-reveladores\/\">China<\/a><\/strong>, recordando que ya se encuentra escolarizada en Turqu\u00eda.<\/p>\n<h2 class=\"wp-block-heading\">HASTA CU\u00c1NDO SE VAN A QUEDAR LOS HIJOS DE LA CHINA SU\u00c1REZ EN LA ARGENTINA<\/h2>\n<p>Diferente es el caso de <strong>Magnolia<\/strong> y <strong>Amancio<\/strong>, los hijos m\u00e1s peque\u00f1os que la actriz tuvo con <strong>Vicu\u00f1a<\/strong>. Ambos tambi\u00e9n permanecen en Buenos Aires, pero por una raz\u00f3n m\u00e1s emocional que log\u00edstica. El chileno cumple a\u00f1os el 29 de noviembre y ya ten\u00eda arreglado con la <strong><a href=\"https:\/\/www.paparazzi.com.ar\/romances\/la-venganza-de-la-china-suarez-contra-la-wanda-nara-tras-la-acusacion-por-su-olor\/\">China<\/a><\/strong> que los chicos estuvieran presentes para ese festejo, donde \u00e9l desea estar junto a todos sus hijos.<\/p>\n<p>Por ese motivo es que los m\u00e1s peque\u00f1os se quedaron con <strong>Benjam\u00edn<\/strong> mientras la <strong>China<\/strong> regres\u00f3 a Turqu\u00eda junto a <strong>Icardi<\/strong>. Este arreglo era algo que se ven\u00eda conversando desde antes del viaje de la parejita a la Argentina, como parte de las negociaciones que la ex Casi \u00c1ngeles y el chileno vienen teniendo a trav\u00e9s de sus abogados.<\/p>\n<div class=\"mt-box \">\n<h4 class=\"mt-heading\">Mir\u00e1 Tambi\u00e9n<\/h4>\n<p><a href=\"https:\/\/www.paparazzi.com.ar\/romances\/por-que-la-china-suarez-se-bajo-del-casamiento-de-nico-cabre-por-culpa-de-mauro-icardi\/\"><\/p>\n<div class=\"mt-content\">\n<div class=\"mt-image-container\"><img decoding=\"async\" src=\"https:\/\/www.paparazzi.com.ar\/wp-content\/uploads\/2025\/11\/China-Suarez-Cabre-359x226.jpg\" alt=\"Por qu\u00e9 la China Su\u00e1rez se baj\u00f3 del casamiento de Nico Cabr\u00e9 por culpa de Mauro Icardi\" class=\"mt-image\" loading=\"lazy\" \/><\/div>\n<h5 class=\"mt-title\">Por qu\u00e9 la China Su\u00e1rez se baj\u00f3 del casamiento de Nico Cabr\u00e9 por culpa de Mauro Icardi<\/h5>\n<\/div>\n<p><\/a><\/div>\n<p>Si bien esta parte parece estar resuelta, ahora habr\u00e1 que ver c\u00f3mo sigue el r\u00e9gimen de tenencia de los peque\u00f1os ya para las fiestas y las vacaciones de verano. Habr\u00e1 que ver qu\u00e9 sucede tanto con <strong>Cabr\u00e9<\/strong> como con <strong>Vicu\u00f1a<\/strong>, y qu\u00e9 negociaciones o acuerdos tienen con la <strong>China<\/strong>. Con el primero las cosas parecen fluir m\u00e1s, aunque con el segundo ya es p\u00fablica la tensi\u00f3n y los conflictos que tienen.<\/p>\n<div class=\"mt-box \">\n<h4 class=\"mt-heading\">Mir\u00e1 Tambi\u00e9n<\/h4>\n<p><a href=\"https:\/\/www.paparazzi.com.ar\/romances\/fuertisimo-descubren-como-la-china-suarez-le-miente-a-mauro-icardi-los-videos-reveladores\/\"><\/p>\n<div class=\"mt-content\">\n<div class=\"mt-image-container\"><img decoding=\"async\" src=\"https:\/\/www.paparazzi.com.ar\/wp-content\/uploads\/2025\/11\/China-Icardi-miente-1-359x226.jpg\" alt=\"\u00a1Fuert\u00edsimo! Descubren c\u00f3mo la China Su\u00e1rez le miente a Mauro Icardi: los videos reveladores\" class=\"mt-image\" loading=\"lazy\" \/><\/div>\n<h5 class=\"mt-title\">\u00a1Fuert\u00edsimo! Descubren c\u00f3mo la China Su\u00e1rez le miente a Mauro Icardi: los videos reveladores<\/h5>\n<\/div>\n<p><\/a><\/div>\n<div class=\"mt-box \">\n<h4 class=\"mt-heading\">Mir\u00e1 Tambi\u00e9n<\/h4>\n<p><a href=\"https:\/\/www.paparazzi.com.ar\/romances\/la-venganza-de-la-china-suarez-contra-la-wanda-nara-tras-la-acusacion-por-su-olor\/\"><\/p>\n<div class=\"mt-content\">\n<div class=\"mt-image-container\"><img decoding=\"async\" src=\"https:\/\/www.paparazzi.com.ar\/wp-content\/uploads\/2025\/11\/China-Suarez-Wanda-Nara-1-1-359x226.jpg\" alt=\"La venganza de la China Su\u00e1rez contra Wanda Nara tras la acusaci\u00f3n por su \u201color\u201d\" class=\"mt-image\" loading=\"lazy\" \/><\/div>\n<h5 class=\"mt-title\">La venganza de la China Su\u00e1rez contra Wanda Nara tras la acusaci\u00f3n por su \u201color\u201d<\/h5>\n<\/div>\n<p><\/a><\/div>\n<p>The post <a href=\"https:\/\/www.paparazzi.com.ar\/romances\/la-china-suarez-volvio-a-turquia-con-mauro-icardi-pero-sin-sus-tres-hijos-el-verdadero-motivo\/\">La China Su\u00e1rez volvi\u00f3 a Turqu\u00eda con Mauro Icardi pero sin sus tres hijos: el verdadero motivo<\/a> appeared first on <a href=\"https:\/\/www.paparazzi.com.ar\">Revista Paparazzi<\/a>.<\/p>\n","protected":false},"excerpt":{"rendered":"<p>El viaje rel\u00e1mpago de Mauro Icardi y la China Su\u00e1rez lleg\u00f3 a su fin, y<\/p>\n","protected":false},"author":0,"featured_media":10307,"comment_status":"","ping_status":"","sticky":false,"template":"","format":"standard","meta":{"footnotes":""},"categories":[11],"tags":[],"class_list":["post-10306","post","type-post","status-publish","format-standard","has-post-thumbnail","hentry","category-destacadas"],"yoast_head":"<!-- This site is optimized with the Yoast SEO plugin v27.4 - https:\/\/yoast.com\/product\/yoast-seo-wordpress\/ -->\n<title>La China Su\u00e1rez volvi\u00f3 a Turqu\u00eda con Mauro Icardi pero sin sus tres hijos: el verdadero motivo - Fm Gente<\/title>\n<meta name=\"robots\" content=\"index, follow, max-snippet:-1, max-image-preview:large, max-video-preview:-1\" \/>\n<link rel=\"canonical\" href=\"https:\/\/fmgente.com.ar\/web\/la-china-suarez-volvio-a-turquia-con-mauro-icardi-pero-sin-sus-tres-hijos-el-verdadero-motivo\/\" \/>\n<meta property=\"og:locale\" content=\"es_ES\" \/>\n<meta property=\"og:type\" content=\"article\" \/>\n<meta property=\"og:title\" content=\"La China Su\u00e1rez volvi\u00f3 a Turqu\u00eda con Mauro Icardi pero sin sus tres hijos: el verdadero motivo - Fm Gente\" \/>\n<meta property=\"og:description\" content=\"El viaje rel\u00e1mpago de Mauro Icardi y la China Su\u00e1rez lleg\u00f3 a su fin, y\" \/>\n<meta property=\"og:url\" content=\"https:\/\/fmgente.com.ar\/web\/la-china-suarez-volvio-a-turquia-con-mauro-icardi-pero-sin-sus-tres-hijos-el-verdadero-motivo\/\" \/>\n<meta property=\"og:site_name\" content=\"Fm Gente\" \/>\n<meta property=\"article:published_time\" content=\"2025-11-21T16:05:07+00:00\" \/>\n<meta property=\"og:image\" content=\"https:\/\/fmgente.com.ar\/web\/wp-content\/uploads\/2025\/11\/Ventura-1-359x226-64.jpg\" \/>\n\t<meta property=\"og:image:width\" content=\"359\" \/>\n\t<meta property=\"og:image:height\" content=\"226\" \/>\n\t<meta property=\"og:image:type\" content=\"image\/jpeg\" \/>\n<meta name=\"twitter:card\" content=\"summary_large_image\" \/>\n<meta name=\"twitter:label1\" content=\"Tiempo de lectura\" \/>\n\t<meta name=\"twitter:data1\" content=\"3 minutos\" \/>\n<script type=\"application\/ld+json\" class=\"yoast-schema-graph\">{\"@context\":\"https:\\\/\\\/schema.org\",\"@graph\":[{\"@type\":\"Article\",\"@id\":\"https:\\\/\\\/fmgente.com.ar\\\/web\\\/la-china-suarez-volvio-a-turquia-con-mauro-icardi-pero-sin-sus-tres-hijos-el-verdadero-motivo\\\/#article\",\"isPartOf\":{\"@id\":\"https:\\\/\\\/fmgente.com.ar\\\/web\\\/la-china-suarez-volvio-a-turquia-con-mauro-icardi-pero-sin-sus-tres-hijos-el-verdadero-motivo\\\/\"},\"author\":{\"name\":\"\",\"@id\":\"\"},\"headline\":\"La China Su\u00e1rez volvi\u00f3 a Turqu\u00eda con Mauro Icardi pero sin sus tres hijos: el verdadero motivo\",\"datePublished\":\"2025-11-21T16:05:07+00:00\",\"mainEntityOfPage\":{\"@id\":\"https:\\\/\\\/fmgente.com.ar\\\/web\\\/la-china-suarez-volvio-a-turquia-con-mauro-icardi-pero-sin-sus-tres-hijos-el-verdadero-motivo\\\/\"},\"wordCount\":635,\"publisher\":{\"@id\":\"https:\\\/\\\/fmgente.com.ar\\\/web\\\/#organization\"},\"image\":{\"@id\":\"https:\\\/\\\/fmgente.com.ar\\\/web\\\/la-china-suarez-volvio-a-turquia-con-mauro-icardi-pero-sin-sus-tres-hijos-el-verdadero-motivo\\\/#primaryimage\"},\"thumbnailUrl\":\"https:\\\/\\\/fmgente.com.ar\\\/web\\\/wp-content\\\/uploads\\\/2025\\\/11\\\/Ventura-1-359x226-64.jpg\",\"articleSection\":[\"DESTACADAS\"],\"inLanguage\":\"es\"},{\"@type\":\"WebPage\",\"@id\":\"https:\\\/\\\/fmgente.com.ar\\\/web\\\/la-china-suarez-volvio-a-turquia-con-mauro-icardi-pero-sin-sus-tres-hijos-el-verdadero-motivo\\\/\",\"url\":\"https:\\\/\\\/fmgente.com.ar\\\/web\\\/la-china-suarez-volvio-a-turquia-con-mauro-icardi-pero-sin-sus-tres-hijos-el-verdadero-motivo\\\/\",\"name\":\"La China Su\u00e1rez volvi\u00f3 a Turqu\u00eda con Mauro Icardi pero sin sus tres hijos: el verdadero motivo - Fm Gente\",\"isPartOf\":{\"@id\":\"https:\\\/\\\/fmgente.com.ar\\\/web\\\/#website\"},\"primaryImageOfPage\":{\"@id\":\"https:\\\/\\\/fmgente.com.ar\\\/web\\\/la-china-suarez-volvio-a-turquia-con-mauro-icardi-pero-sin-sus-tres-hijos-el-verdadero-motivo\\\/#primaryimage\"},\"image\":{\"@id\":\"https:\\\/\\\/fmgente.com.ar\\\/web\\\/la-china-suarez-volvio-a-turquia-con-mauro-icardi-pero-sin-sus-tres-hijos-el-verdadero-motivo\\\/#primaryimage\"},\"thumbnailUrl\":\"https:\\\/\\\/fmgente.com.ar\\\/web\\\/wp-content\\\/uploads\\\/2025\\\/11\\\/Ventura-1-359x226-64.jpg\",\"datePublished\":\"2025-11-21T16:05:07+00:00\",\"inLanguage\":\"es\",\"potentialAction\":[{\"@type\":\"ReadAction\",\"target\":[\"https:\\\/\\\/fmgente.com.ar\\\/web\\\/la-china-suarez-volvio-a-turquia-con-mauro-icardi-pero-sin-sus-tres-hijos-el-verdadero-motivo\\\/\"]}]},{\"@type\":\"ImageObject\",\"inLanguage\":\"es\",\"@id\":\"https:\\\/\\\/fmgente.com.ar\\\/web\\\/la-china-suarez-volvio-a-turquia-con-mauro-icardi-pero-sin-sus-tres-hijos-el-verdadero-motivo\\\/#primaryimage\",\"url\":\"https:\\\/\\\/fmgente.com.ar\\\/web\\\/wp-content\\\/uploads\\\/2025\\\/11\\\/Ventura-1-359x226-64.jpg\",\"contentUrl\":\"https:\\\/\\\/fmgente.com.ar\\\/web\\\/wp-content\\\/uploads\\\/2025\\\/11\\\/Ventura-1-359x226-64.jpg\",\"width\":359,\"height\":226},{\"@type\":\"WebSite\",\"@id\":\"https:\\\/\\\/fmgente.com.ar\\\/web\\\/#website\",\"url\":\"https:\\\/\\\/fmgente.com.ar\\\/web\\\/\",\"name\":\"Fm Gente\",\"description\":\"- Jes\u00fas Mar\u00eda\",\"publisher\":{\"@id\":\"https:\\\/\\\/fmgente.com.ar\\\/web\\\/#organization\"},\"potentialAction\":[{\"@type\":\"SearchAction\",\"target\":{\"@type\":\"EntryPoint\",\"urlTemplate\":\"https:\\\/\\\/fmgente.com.ar\\\/web\\\/?s={search_term_string}\"},\"query-input\":{\"@type\":\"PropertyValueSpecification\",\"valueRequired\":true,\"valueName\":\"search_term_string\"}}],\"inLanguage\":\"es\"},{\"@type\":\"Organization\",\"@id\":\"https:\\\/\\\/fmgente.com.ar\\\/web\\\/#organization\",\"name\":\"Fm Gente\",\"url\":\"https:\\\/\\\/fmgente.com.ar\\\/web\\\/\",\"logo\":{\"@type\":\"ImageObject\",\"inLanguage\":\"es\",\"@id\":\"https:\\\/\\\/fmgente.com.ar\\\/web\\\/#\\\/schema\\\/logo\\\/image\\\/\",\"url\":\"https:\\\/\\\/fmgente.com.ar\\\/web\\\/wp-content\\\/uploads\\\/2023\\\/07\\\/cropped-cropped-logo-sombra2.png\",\"contentUrl\":\"https:\\\/\\\/fmgente.com.ar\\\/web\\\/wp-content\\\/uploads\\\/2023\\\/07\\\/cropped-cropped-logo-sombra2.png\",\"width\":1782,\"height\":1782,\"caption\":\"Fm Gente\"},\"image\":{\"@id\":\"https:\\\/\\\/fmgente.com.ar\\\/web\\\/#\\\/schema\\\/logo\\\/image\\\/\"}}]}<\/script>\n<!-- \/ Yoast SEO plugin. -->","yoast_head_json":{"title":"La China Su\u00e1rez volvi\u00f3 a Turqu\u00eda con Mauro Icardi pero sin sus tres hijos: el verdadero motivo - Fm Gente","robots":{"index":"index","follow":"follow","max-snippet":"max-snippet:-1","max-image-preview":"max-image-preview:large","max-video-preview":"max-video-preview:-1"},"canonical":"https:\/\/fmgente.com.ar\/web\/la-china-suarez-volvio-a-turquia-con-mauro-icardi-pero-sin-sus-tres-hijos-el-verdadero-motivo\/","og_locale":"es_ES","og_type":"article","og_title":"La China Su\u00e1rez volvi\u00f3 a Turqu\u00eda con Mauro Icardi pero sin sus tres hijos: el verdadero motivo - Fm Gente","og_description":"El viaje rel\u00e1mpago de Mauro Icardi y la China Su\u00e1rez lleg\u00f3 a su fin, y","og_url":"https:\/\/fmgente.com.ar\/web\/la-china-suarez-volvio-a-turquia-con-mauro-icardi-pero-sin-sus-tres-hijos-el-verdadero-motivo\/","og_site_name":"Fm Gente","article_published_time":"2025-11-21T16:05:07+00:00","og_image":[{"width":359,"height":226,"url":"https:\/\/fmgente.com.ar\/web\/wp-content\/uploads\/2025\/11\/Ventura-1-359x226-64.jpg","type":"image\/jpeg"}],"twitter_card":"summary_large_image","twitter_misc":{"Tiempo de lectura":"3 minutos"},"schema":{"@context":"https:\/\/schema.org","@graph":[{"@type":"Article","@id":"https:\/\/fmgente.com.ar\/web\/la-china-suarez-volvio-a-turquia-con-mauro-icardi-pero-sin-sus-tres-hijos-el-verdadero-motivo\/#article","isPartOf":{"@id":"https:\/\/fmgente.com.ar\/web\/la-china-suarez-volvio-a-turquia-con-mauro-icardi-pero-sin-sus-tres-hijos-el-verdadero-motivo\/"},"author":{"name":"","@id":""},"headline":"La China Su\u00e1rez volvi\u00f3 a Turqu\u00eda con Mauro Icardi pero sin sus tres hijos: el verdadero motivo","datePublished":"2025-11-21T16:05:07+00:00","mainEntityOfPage":{"@id":"https:\/\/fmgente.com.ar\/web\/la-china-suarez-volvio-a-turquia-con-mauro-icardi-pero-sin-sus-tres-hijos-el-verdadero-motivo\/"},"wordCount":635,"publisher":{"@id":"https:\/\/fmgente.com.ar\/web\/#organization"},"image":{"@id":"https:\/\/fmgente.com.ar\/web\/la-china-suarez-volvio-a-turquia-con-mauro-icardi-pero-sin-sus-tres-hijos-el-verdadero-motivo\/#primaryimage"},"thumbnailUrl":"https:\/\/fmgente.com.ar\/web\/wp-content\/uploads\/2025\/11\/Ventura-1-359x226-64.jpg","articleSection":["DESTACADAS"],"inLanguage":"es"},{"@type":"WebPage","@id":"https:\/\/fmgente.com.ar\/web\/la-china-suarez-volvio-a-turquia-con-mauro-icardi-pero-sin-sus-tres-hijos-el-verdadero-motivo\/","url":"https:\/\/fmgente.com.ar\/web\/la-china-suarez-volvio-a-turquia-con-mauro-icardi-pero-sin-sus-tres-hijos-el-verdadero-motivo\/","name":"La China Su\u00e1rez volvi\u00f3 a Turqu\u00eda con Mauro Icardi pero sin sus tres hijos: el verdadero motivo - Fm Gente","isPartOf":{"@id":"https:\/\/fmgente.com.ar\/web\/#website"},"primaryImageOfPage":{"@id":"https:\/\/fmgente.com.ar\/web\/la-china-suarez-volvio-a-turquia-con-mauro-icardi-pero-sin-sus-tres-hijos-el-verdadero-motivo\/#primaryimage"},"image":{"@id":"https:\/\/fmgente.com.ar\/web\/la-china-suarez-volvio-a-turquia-con-mauro-icardi-pero-sin-sus-tres-hijos-el-verdadero-motivo\/#primaryimage"},"thumbnailUrl":"https:\/\/fmgente.com.ar\/web\/wp-content\/uploads\/2025\/11\/Ventura-1-359x226-64.jpg","datePublished":"2025-11-21T16:05:07+00:00","inLanguage":"es","potentialAction":[{"@type":"ReadAction","target":["https:\/\/fmgente.com.ar\/web\/la-china-suarez-volvio-a-turquia-con-mauro-icardi-pero-sin-sus-tres-hijos-el-verdadero-motivo\/"]}]},{"@type":"ImageObject","inLanguage":"es","@id":"https:\/\/fmgente.com.ar\/web\/la-china-suarez-volvio-a-turquia-con-mauro-icardi-pero-sin-sus-tres-hijos-el-verdadero-motivo\/#primaryimage","url":"https:\/\/fmgente.com.ar\/web\/wp-content\/uploads\/2025\/11\/Ventura-1-359x226-64.jpg","contentUrl":"https:\/\/fmgente.com.ar\/web\/wp-content\/uploads\/2025\/11\/Ventura-1-359x226-64.jpg","width":359,"height":226},{"@type":"WebSite","@id":"https:\/\/fmgente.com.ar\/web\/#website","url":"https:\/\/fmgente.com.ar\/web\/","name":"Fm Gente","description":"- Jes\u00fas Mar\u00eda","publisher":{"@id":"https:\/\/fmgente.com.ar\/web\/#organization"},"potentialAction":[{"@type":"SearchAction","target":{"@type":"EntryPoint","urlTemplate":"https:\/\/fmgente.com.ar\/web\/?s={search_term_string}"},"query-input":{"@type":"PropertyValueSpecification","valueRequired":true,"valueName":"search_term_string"}}],"inLanguage":"es"},{"@type":"Organization","@id":"https:\/\/fmgente.com.ar\/web\/#organization","name":"Fm Gente","url":"https:\/\/fmgente.com.ar\/web\/","logo":{"@type":"ImageObject","inLanguage":"es","@id":"https:\/\/fmgente.com.ar\/web\/#\/schema\/logo\/image\/","url":"https:\/\/fmgente.com.ar\/web\/wp-content\/uploads\/2023\/07\/cropped-cropped-logo-sombra2.png","contentUrl":"https:\/\/fmgente.com.ar\/web\/wp-content\/uploads\/2023\/07\/cropped-cropped-logo-sombra2.png","width":1782,"height":1782,"caption":"Fm Gente"},"image":{"@id":"https:\/\/fmgente.com.ar\/web\/#\/schema\/logo\/image\/"}}]}},"_links":{"self":[{"href":"https:\/\/fmgente.com.ar\/web\/wp-json\/wp\/v2\/posts\/10306","targetHints":{"allow":["GET"]}}],"collection":[{"href":"https:\/\/fmgente.com.ar\/web\/wp-json\/wp\/v2\/posts"}],"about":[{"href":"https:\/\/fmgente.com.ar\/web\/wp-json\/wp\/v2\/types\/post"}],"replies":[{"embeddable":true,"href":"https:\/\/fmgente.com.ar\/web\/wp-json\/wp\/v2\/comments?post=10306"}],"version-history":[{"count":0,"href":"https:\/\/fmgente.com.ar\/web\/wp-json\/wp\/v2\/posts\/10306\/revisions"}],"wp:featuredmedia":[{"embeddable":true,"href":"https:\/\/fmgente.com.ar\/web\/wp-json\/wp\/v2\/media\/10307"}],"wp:attachment":[{"href":"https:\/\/fmgente.com.ar\/web\/wp-json\/wp\/v2\/media?parent=10306"}],"wp:term":[{"taxonomy":"category","embeddable":true,"href":"https:\/\/fmgente.com.ar\/web\/wp-json\/wp\/v2\/categories?post=10306"},{"taxonomy":"post_tag","embeddable":true,"href":"https:\/\/fmgente.com.ar\/web\/wp-json\/wp\/v2\/tags?post=10306"}],"curies":[{"name":"wp","href":"https:\/\/api.w.org\/{rel}","templated":true}]}}