{"id":10302,"date":"2025-11-21T11:05:06","date_gmt":"2025-11-21T14:05:06","guid":{"rendered":"https:\/\/fmgente.com.ar\/el-drama-de-juana-repetto-por-la-decision-que-tomo-uno-de-sus-hijos-en-medio-de-su-embarazo-se-va\/"},"modified":"2025-11-21T11:05:06","modified_gmt":"2025-11-21T14:05:06","slug":"el-drama-de-juana-repetto-por-la-decision-que-tomo-uno-de-sus-hijos-en-medio-de-su-embarazo-se-va","status":"publish","type":"post","link":"https:\/\/fmgente.com.ar\/web\/el-drama-de-juana-repetto-por-la-decision-que-tomo-uno-de-sus-hijos-en-medio-de-su-embarazo-se-va\/","title":{"rendered":"El drama de Juana Repetto por la decisi\u00f3n que tom\u00f3 uno de sus hijos en medio de su embarazo: \u201cSe va&quot;"},"content":{"rendered":"<p>Con todas las hormonas alteradas por el embarazo, a <strong>Juana Repetto<\/strong> le toca vivir un momento muy movilizante que puso en jaque su rutina, sus nervios y su capacidad de previsi\u00f3n: el primer viaje de <strong>Toribio<\/strong>, su hijo mayor, durante el fin de semana largo. Un hito en su vida de mam\u00e1 que la tiene de lo m\u00e1s movida.&nbsp;<\/p>\n<p>Como suele hacer, <a href=\"https:\/\/www.paparazzi.com.ar\/tag\/juana-repetto\/\">Juana <\/a>comparti\u00f3 sus pesares con su comunidad de seguidoras de Instagram. <em>\u201cEstoy re movilizada. Toro se va ma\u00f1ana por primera vez, cuatro d\u00edas, desde el viernes a la ma\u00f1ana hasta el lunes a la tarde noche con Se<\/em>bi (<strong>Graviotto<\/strong>) <em>y toda la familia de Sebi a un campo\u201d<\/em>, arranc\u00f3.<\/p>\n<p><a href=\"https:\/\/www.paparazzi.com.ar\/romances\/juana-repetto-conto-la-horrible-decision-de-su-ex-tras-enterarse-de-su-enfermedad\/\">Juanita <\/a>cont\u00f3 que <strong>Belisario<\/strong>, el m\u00e1s chico, se quedar\u00e1 con ella:<em> \u201cNo va porque todav\u00eda nunca durmi\u00f3 fuera de casa, son muchos d\u00edas y es muy lejos. As\u00ed que Beli se queda, y el cumplea\u00f1os de su mejor amigo es ma\u00f1ana\u201d<\/em>. Y en medio de la revoluci\u00f3n por la partida de Toro, Juana cont\u00f3 un drama no menor: el armado del bolso para que al nene no le falte nada.<\/p>\n<div class=\"mt-box \">\n<h4 class=\"mt-heading\">Mir\u00e1 Tambi\u00e9n<\/h4>\n<p><a href=\"https:\/\/www.paparazzi.com.ar\/teve\/juana-repetto-conto-con-dolor-los-riesgos-que-corre-su-embarazo-estamos-previendo-una\/\"><\/p>\n<div class=\"mt-content\">\n<div class=\"mt-image-container\"><img decoding=\"async\" src=\"https:\/\/www.paparazzi.com.ar\/wp-content\/uploads\/2025\/11\/Juana-Repetto-conto-con-dolor-los-riesgos-que-corre-su-embarazo-22Estamos-previendo-una\u202622-359x226.jpg\" alt=\"Juana Repetto cont\u00f3 con dolor los riesgos que corre su embarazo: &quot;Estamos previendo una\u2026&quot;\" class=\"mt-image\" loading=\"lazy\" \/><\/div>\n<h5 class=\"mt-title\">Juana Repetto cont\u00f3 con dolor los riesgos que corre su embarazo: \u00abEstamos previendo una\u2026\u00bb<\/h5>\n<\/div>\n<p><\/a><\/div>\n<p><em>\u201cSe va re lejos. As\u00ed que traje todo ac\u00e1 para prepararle el bolso. Esto es para cuatro d\u00edas, es un mont\u00f3n\u2026 est\u00e1 llevando ropa re abrigada, no s\u00e9\u2026 es horrible, despu\u00e9s parece que hacen 27 grados, traje de ba\u00f1o, gorra\u2026\u201d<\/em>, mostr\u00f3, nerviosa por todo: la ruta, los d\u00edas, la distancia. \u00bfY Toro?<em> \u201c\u00c9l est\u00e1 fascinado, nada que le importe menos que yo. \u00c9l la va a pasar bomba, pero a m\u00ed me tiene re movilizada. \u00a1Soy una boluda!\u201d<\/em>, admiti\u00f3.<\/p>\n<h2 class=\"wp-block-heading\">JUANA REPETTO MOSTR\u00d3 EL PRIMER OBJETO DE SU HIJO POR NACER<\/h2>\n<p><em>\u201cTengo que guardar todo esto, que es la ropa para cuatro d\u00edas, m\u00e1s neceser, repelente, protector solar, etc\u00e9tera. Para todos los cuatro d\u00edas. No s\u00e9 si armar un carry on o esta mochila. \u00bfQu\u00e9 dicen? \u00bfEntra en la mochila? Toro no quiere llevar carry on, quiere llevar mochila. Bueno, lo voy a intentar\u2026\u201d<\/em>, avanz\u00f3 Juana ante una monta\u00f1a de ropa.&nbsp;<\/p>\n<p>Y en medio de esta revoluci\u00f3n maternal, Juana aprovech\u00f3 para contar que recibi\u00f3 el cochecito de Timoteo, su hijo por nacer. <em>\u201cTras que vengo movilizada, porque la vida misma, me lleg\u00f3 el carrito de Timo y me di cuenta de que es la primera cosa propia que tiene Timoteo, \u00bfentienden?\u201d<\/em>, exclam\u00f3, pura emoci\u00f3n.<\/p>\n<p><em>\u201cMe di cuenta de que hasta la cuna era de Beli, despu\u00e9s tengo todo heredado. Claro, es el tercero, tercer var\u00f3n y no tiene nada. Yo con Toro estaba embarazada, un poquito menos que ahora y ya ten\u00eda el cuarto. Ten\u00eda una lista de lo que me faltaba para ir a la cl\u00ednica a parir. Ten\u00eda todo a los seis meses. Y ahora me di cuenta que no hay nada de \u00e9l en toda en la casa<\/em>\u201d, compar\u00f3, reflexiva.<\/p>\n<div class=\"mt-box \">\n<h4 class=\"mt-heading\">Mir\u00e1 Tambi\u00e9n<\/h4>\n<p><a href=\"https:\/\/www.paparazzi.com.ar\/romances\/roberto-garcia-moritan-revelo-si-se-casara-con-priscila-crivocapich-tras-los-rumores\/\"><\/p>\n<div class=\"mt-content\">\n<div class=\"mt-image-container\"><img decoding=\"async\" src=\"https:\/\/www.paparazzi.com.ar\/wp-content\/uploads\/2025\/05\/Roberto-Moritan-su-puso-de-novio-con-una-famosa-periodista-que-fanatica-de-Pampita-22Tendria-que-pedirle-la.22.jpg.webp\" alt=\"Roberto Garc\u00eda Morit\u00e1n revel\u00f3 si se casar\u00e1 con Priscila Crivocapich tras los rumores\" class=\"mt-image\" loading=\"lazy\" \/><\/div>\n<h5 class=\"mt-title\">Roberto Garc\u00eda Morit\u00e1n revel\u00f3 si se casar\u00e1 con Priscila Crivocapich tras los rumores<\/h5>\n<\/div>\n<p><\/a><\/div>\n<div class=\"mt-box \">\n<h4 class=\"mt-heading\">Mir\u00e1 Tambi\u00e9n<\/h4>\n<p><a href=\"https:\/\/www.paparazzi.com.ar\/romances\/la-lista-de-las-lujosas-exigencias-de-jesica-cirio-para-su-proximo-novio\/\"><\/p>\n<div class=\"mt-content\">\n<div class=\"mt-image-container\"><img decoding=\"async\" src=\"https:\/\/www.paparazzi.com.ar\/wp-content\/uploads\/2025\/05\/Jesica-Cirio-feria.jpg.webp\" alt=\"La lista de las lujosas exigencias de Jesica Cirio para su pr\u00f3ximo novio\" class=\"mt-image\" loading=\"lazy\" \/><\/div>\n<h5 class=\"mt-title\">La lista de las lujosas exigencias de Jesica Cirio para su pr\u00f3ximo novio<\/h5>\n<\/div>\n<p><\/a><\/div>\n<p>The post <a href=\"https:\/\/www.paparazzi.com.ar\/teve\/el-drama-de-juana-repetto-por-la-decision-que-tomo-uno-de-sus-hijos-en-medio-de-su-embarazo-se-va\/\">El drama de Juana Repetto por la decisi\u00f3n que tom\u00f3 uno de sus hijos en medio de su embarazo: \u201cSe va&quot;<\/a> appeared first on <a href=\"https:\/\/www.paparazzi.com.ar\">Revista Paparazzi<\/a>.<\/p>\n","protected":false},"excerpt":{"rendered":"<p>Con todas las hormonas alteradas por el embarazo, a Juana Repetto le toca vivir un<\/p>\n","protected":false},"author":0,"featured_media":10303,"comment_status":"","ping_status":"","sticky":false,"template":"","format":"standard","meta":{"footnotes":""},"categories":[11],"tags":[],"class_list":["post-10302","post","type-post","status-publish","format-standard","has-post-thumbnail","hentry","category-destacadas"],"yoast_head":"<!-- This site is optimized with the Yoast SEO plugin v27.4 - https:\/\/yoast.com\/product\/yoast-seo-wordpress\/ -->\n<title>El drama de Juana Repetto por la decisi\u00f3n que tom\u00f3 uno de sus hijos en medio de su embarazo: \u201cSe va&quot; - Fm Gente<\/title>\n<meta name=\"robots\" content=\"index, follow, max-snippet:-1, max-image-preview:large, max-video-preview:-1\" \/>\n<link rel=\"canonical\" href=\"https:\/\/fmgente.com.ar\/web\/el-drama-de-juana-repetto-por-la-decision-que-tomo-uno-de-sus-hijos-en-medio-de-su-embarazo-se-va\/\" \/>\n<meta property=\"og:locale\" content=\"es_ES\" \/>\n<meta property=\"og:type\" content=\"article\" \/>\n<meta property=\"og:title\" content=\"El drama de Juana Repetto por la decisi\u00f3n que tom\u00f3 uno de sus hijos en medio de su embarazo: \u201cSe va&quot; - Fm Gente\" \/>\n<meta property=\"og:description\" content=\"Con todas las hormonas alteradas por el embarazo, a Juana Repetto le toca vivir un\" \/>\n<meta property=\"og:url\" content=\"https:\/\/fmgente.com.ar\/web\/el-drama-de-juana-repetto-por-la-decision-que-tomo-uno-de-sus-hijos-en-medio-de-su-embarazo-se-va\/\" \/>\n<meta property=\"og:site_name\" content=\"Fm Gente\" \/>\n<meta property=\"article:published_time\" content=\"2025-11-21T14:05:06+00:00\" \/>\n<meta property=\"og:image\" content=\"https:\/\/fmgente.com.ar\/web\/wp-content\/uploads\/2025\/11\/Juana-Repetto-conto-con-dolor-los-riesgos-que-corre-su-embarazo-22Estamos-previendo-una\u202622-359x226-1.jpg\" \/>\n\t<meta property=\"og:image:width\" content=\"359\" \/>\n\t<meta property=\"og:image:height\" content=\"226\" \/>\n\t<meta property=\"og:image:type\" content=\"image\/jpeg\" \/>\n<meta name=\"twitter:card\" content=\"summary_large_image\" \/>\n<meta name=\"twitter:label1\" content=\"Tiempo de lectura\" \/>\n\t<meta name=\"twitter:data1\" content=\"3 minutos\" \/>\n<script type=\"application\/ld+json\" class=\"yoast-schema-graph\">{\"@context\":\"https:\\\/\\\/schema.org\",\"@graph\":[{\"@type\":\"Article\",\"@id\":\"https:\\\/\\\/fmgente.com.ar\\\/web\\\/el-drama-de-juana-repetto-por-la-decision-que-tomo-uno-de-sus-hijos-en-medio-de-su-embarazo-se-va\\\/#article\",\"isPartOf\":{\"@id\":\"https:\\\/\\\/fmgente.com.ar\\\/web\\\/el-drama-de-juana-repetto-por-la-decision-que-tomo-uno-de-sus-hijos-en-medio-de-su-embarazo-se-va\\\/\"},\"author\":{\"name\":\"\",\"@id\":\"\"},\"headline\":\"El drama de Juana Repetto por la decisi\u00f3n que tom\u00f3 uno de sus hijos en medio de su embarazo: \u201cSe va&quot;\",\"datePublished\":\"2025-11-21T14:05:06+00:00\",\"mainEntityOfPage\":{\"@id\":\"https:\\\/\\\/fmgente.com.ar\\\/web\\\/el-drama-de-juana-repetto-por-la-decision-que-tomo-uno-de-sus-hijos-en-medio-de-su-embarazo-se-va\\\/\"},\"wordCount\":598,\"publisher\":{\"@id\":\"https:\\\/\\\/fmgente.com.ar\\\/web\\\/#organization\"},\"image\":{\"@id\":\"https:\\\/\\\/fmgente.com.ar\\\/web\\\/el-drama-de-juana-repetto-por-la-decision-que-tomo-uno-de-sus-hijos-en-medio-de-su-embarazo-se-va\\\/#primaryimage\"},\"thumbnailUrl\":\"https:\\\/\\\/fmgente.com.ar\\\/web\\\/wp-content\\\/uploads\\\/2025\\\/11\\\/Juana-Repetto-conto-con-dolor-los-riesgos-que-corre-su-embarazo-22Estamos-previendo-una\u202622-359x226-1.jpg\",\"articleSection\":[\"DESTACADAS\"],\"inLanguage\":\"es\"},{\"@type\":\"WebPage\",\"@id\":\"https:\\\/\\\/fmgente.com.ar\\\/web\\\/el-drama-de-juana-repetto-por-la-decision-que-tomo-uno-de-sus-hijos-en-medio-de-su-embarazo-se-va\\\/\",\"url\":\"https:\\\/\\\/fmgente.com.ar\\\/web\\\/el-drama-de-juana-repetto-por-la-decision-que-tomo-uno-de-sus-hijos-en-medio-de-su-embarazo-se-va\\\/\",\"name\":\"El drama de Juana Repetto por la decisi\u00f3n que tom\u00f3 uno de sus hijos en medio de su embarazo: \u201cSe va&quot; - Fm Gente\",\"isPartOf\":{\"@id\":\"https:\\\/\\\/fmgente.com.ar\\\/web\\\/#website\"},\"primaryImageOfPage\":{\"@id\":\"https:\\\/\\\/fmgente.com.ar\\\/web\\\/el-drama-de-juana-repetto-por-la-decision-que-tomo-uno-de-sus-hijos-en-medio-de-su-embarazo-se-va\\\/#primaryimage\"},\"image\":{\"@id\":\"https:\\\/\\\/fmgente.com.ar\\\/web\\\/el-drama-de-juana-repetto-por-la-decision-que-tomo-uno-de-sus-hijos-en-medio-de-su-embarazo-se-va\\\/#primaryimage\"},\"thumbnailUrl\":\"https:\\\/\\\/fmgente.com.ar\\\/web\\\/wp-content\\\/uploads\\\/2025\\\/11\\\/Juana-Repetto-conto-con-dolor-los-riesgos-que-corre-su-embarazo-22Estamos-previendo-una\u202622-359x226-1.jpg\",\"datePublished\":\"2025-11-21T14:05:06+00:00\",\"inLanguage\":\"es\",\"potentialAction\":[{\"@type\":\"ReadAction\",\"target\":[\"https:\\\/\\\/fmgente.com.ar\\\/web\\\/el-drama-de-juana-repetto-por-la-decision-que-tomo-uno-de-sus-hijos-en-medio-de-su-embarazo-se-va\\\/\"]}]},{\"@type\":\"ImageObject\",\"inLanguage\":\"es\",\"@id\":\"https:\\\/\\\/fmgente.com.ar\\\/web\\\/el-drama-de-juana-repetto-por-la-decision-que-tomo-uno-de-sus-hijos-en-medio-de-su-embarazo-se-va\\\/#primaryimage\",\"url\":\"https:\\\/\\\/fmgente.com.ar\\\/web\\\/wp-content\\\/uploads\\\/2025\\\/11\\\/Juana-Repetto-conto-con-dolor-los-riesgos-que-corre-su-embarazo-22Estamos-previendo-una\u202622-359x226-1.jpg\",\"contentUrl\":\"https:\\\/\\\/fmgente.com.ar\\\/web\\\/wp-content\\\/uploads\\\/2025\\\/11\\\/Juana-Repetto-conto-con-dolor-los-riesgos-que-corre-su-embarazo-22Estamos-previendo-una\u202622-359x226-1.jpg\",\"width\":359,\"height\":226},{\"@type\":\"WebSite\",\"@id\":\"https:\\\/\\\/fmgente.com.ar\\\/web\\\/#website\",\"url\":\"https:\\\/\\\/fmgente.com.ar\\\/web\\\/\",\"name\":\"Fm Gente\",\"description\":\"- Jes\u00fas Mar\u00eda\",\"publisher\":{\"@id\":\"https:\\\/\\\/fmgente.com.ar\\\/web\\\/#organization\"},\"potentialAction\":[{\"@type\":\"SearchAction\",\"target\":{\"@type\":\"EntryPoint\",\"urlTemplate\":\"https:\\\/\\\/fmgente.com.ar\\\/web\\\/?s={search_term_string}\"},\"query-input\":{\"@type\":\"PropertyValueSpecification\",\"valueRequired\":true,\"valueName\":\"search_term_string\"}}],\"inLanguage\":\"es\"},{\"@type\":\"Organization\",\"@id\":\"https:\\\/\\\/fmgente.com.ar\\\/web\\\/#organization\",\"name\":\"Fm Gente\",\"url\":\"https:\\\/\\\/fmgente.com.ar\\\/web\\\/\",\"logo\":{\"@type\":\"ImageObject\",\"inLanguage\":\"es\",\"@id\":\"https:\\\/\\\/fmgente.com.ar\\\/web\\\/#\\\/schema\\\/logo\\\/image\\\/\",\"url\":\"https:\\\/\\\/fmgente.com.ar\\\/web\\\/wp-content\\\/uploads\\\/2023\\\/07\\\/cropped-cropped-logo-sombra2.png\",\"contentUrl\":\"https:\\\/\\\/fmgente.com.ar\\\/web\\\/wp-content\\\/uploads\\\/2023\\\/07\\\/cropped-cropped-logo-sombra2.png\",\"width\":1782,\"height\":1782,\"caption\":\"Fm Gente\"},\"image\":{\"@id\":\"https:\\\/\\\/fmgente.com.ar\\\/web\\\/#\\\/schema\\\/logo\\\/image\\\/\"}}]}<\/script>\n<!-- \/ Yoast SEO plugin. -->","yoast_head_json":{"title":"El drama de Juana Repetto por la decisi\u00f3n que tom\u00f3 uno de sus hijos en medio de su embarazo: \u201cSe va&quot; - Fm Gente","robots":{"index":"index","follow":"follow","max-snippet":"max-snippet:-1","max-image-preview":"max-image-preview:large","max-video-preview":"max-video-preview:-1"},"canonical":"https:\/\/fmgente.com.ar\/web\/el-drama-de-juana-repetto-por-la-decision-que-tomo-uno-de-sus-hijos-en-medio-de-su-embarazo-se-va\/","og_locale":"es_ES","og_type":"article","og_title":"El drama de Juana Repetto por la decisi\u00f3n que tom\u00f3 uno de sus hijos en medio de su embarazo: \u201cSe va&quot; - Fm Gente","og_description":"Con todas las hormonas alteradas por el embarazo, a Juana Repetto le toca vivir un","og_url":"https:\/\/fmgente.com.ar\/web\/el-drama-de-juana-repetto-por-la-decision-que-tomo-uno-de-sus-hijos-en-medio-de-su-embarazo-se-va\/","og_site_name":"Fm Gente","article_published_time":"2025-11-21T14:05:06+00:00","og_image":[{"width":359,"height":226,"url":"https:\/\/fmgente.com.ar\/web\/wp-content\/uploads\/2025\/11\/Juana-Repetto-conto-con-dolor-los-riesgos-que-corre-su-embarazo-22Estamos-previendo-una\u202622-359x226-1.jpg","type":"image\/jpeg"}],"twitter_card":"summary_large_image","twitter_misc":{"Tiempo de lectura":"3 minutos"},"schema":{"@context":"https:\/\/schema.org","@graph":[{"@type":"Article","@id":"https:\/\/fmgente.com.ar\/web\/el-drama-de-juana-repetto-por-la-decision-que-tomo-uno-de-sus-hijos-en-medio-de-su-embarazo-se-va\/#article","isPartOf":{"@id":"https:\/\/fmgente.com.ar\/web\/el-drama-de-juana-repetto-por-la-decision-que-tomo-uno-de-sus-hijos-en-medio-de-su-embarazo-se-va\/"},"author":{"name":"","@id":""},"headline":"El drama de Juana Repetto por la decisi\u00f3n que tom\u00f3 uno de sus hijos en medio de su embarazo: \u201cSe va&quot;","datePublished":"2025-11-21T14:05:06+00:00","mainEntityOfPage":{"@id":"https:\/\/fmgente.com.ar\/web\/el-drama-de-juana-repetto-por-la-decision-que-tomo-uno-de-sus-hijos-en-medio-de-su-embarazo-se-va\/"},"wordCount":598,"publisher":{"@id":"https:\/\/fmgente.com.ar\/web\/#organization"},"image":{"@id":"https:\/\/fmgente.com.ar\/web\/el-drama-de-juana-repetto-por-la-decision-que-tomo-uno-de-sus-hijos-en-medio-de-su-embarazo-se-va\/#primaryimage"},"thumbnailUrl":"https:\/\/fmgente.com.ar\/web\/wp-content\/uploads\/2025\/11\/Juana-Repetto-conto-con-dolor-los-riesgos-que-corre-su-embarazo-22Estamos-previendo-una\u202622-359x226-1.jpg","articleSection":["DESTACADAS"],"inLanguage":"es"},{"@type":"WebPage","@id":"https:\/\/fmgente.com.ar\/web\/el-drama-de-juana-repetto-por-la-decision-que-tomo-uno-de-sus-hijos-en-medio-de-su-embarazo-se-va\/","url":"https:\/\/fmgente.com.ar\/web\/el-drama-de-juana-repetto-por-la-decision-que-tomo-uno-de-sus-hijos-en-medio-de-su-embarazo-se-va\/","name":"El drama de Juana Repetto por la decisi\u00f3n que tom\u00f3 uno de sus hijos en medio de su embarazo: \u201cSe va&quot; - Fm Gente","isPartOf":{"@id":"https:\/\/fmgente.com.ar\/web\/#website"},"primaryImageOfPage":{"@id":"https:\/\/fmgente.com.ar\/web\/el-drama-de-juana-repetto-por-la-decision-que-tomo-uno-de-sus-hijos-en-medio-de-su-embarazo-se-va\/#primaryimage"},"image":{"@id":"https:\/\/fmgente.com.ar\/web\/el-drama-de-juana-repetto-por-la-decision-que-tomo-uno-de-sus-hijos-en-medio-de-su-embarazo-se-va\/#primaryimage"},"thumbnailUrl":"https:\/\/fmgente.com.ar\/web\/wp-content\/uploads\/2025\/11\/Juana-Repetto-conto-con-dolor-los-riesgos-que-corre-su-embarazo-22Estamos-previendo-una\u202622-359x226-1.jpg","datePublished":"2025-11-21T14:05:06+00:00","inLanguage":"es","potentialAction":[{"@type":"ReadAction","target":["https:\/\/fmgente.com.ar\/web\/el-drama-de-juana-repetto-por-la-decision-que-tomo-uno-de-sus-hijos-en-medio-de-su-embarazo-se-va\/"]}]},{"@type":"ImageObject","inLanguage":"es","@id":"https:\/\/fmgente.com.ar\/web\/el-drama-de-juana-repetto-por-la-decision-que-tomo-uno-de-sus-hijos-en-medio-de-su-embarazo-se-va\/#primaryimage","url":"https:\/\/fmgente.com.ar\/web\/wp-content\/uploads\/2025\/11\/Juana-Repetto-conto-con-dolor-los-riesgos-que-corre-su-embarazo-22Estamos-previendo-una\u202622-359x226-1.jpg","contentUrl":"https:\/\/fmgente.com.ar\/web\/wp-content\/uploads\/2025\/11\/Juana-Repetto-conto-con-dolor-los-riesgos-que-corre-su-embarazo-22Estamos-previendo-una\u202622-359x226-1.jpg","width":359,"height":226},{"@type":"WebSite","@id":"https:\/\/fmgente.com.ar\/web\/#website","url":"https:\/\/fmgente.com.ar\/web\/","name":"Fm Gente","description":"- Jes\u00fas Mar\u00eda","publisher":{"@id":"https:\/\/fmgente.com.ar\/web\/#organization"},"potentialAction":[{"@type":"SearchAction","target":{"@type":"EntryPoint","urlTemplate":"https:\/\/fmgente.com.ar\/web\/?s={search_term_string}"},"query-input":{"@type":"PropertyValueSpecification","valueRequired":true,"valueName":"search_term_string"}}],"inLanguage":"es"},{"@type":"Organization","@id":"https:\/\/fmgente.com.ar\/web\/#organization","name":"Fm Gente","url":"https:\/\/fmgente.com.ar\/web\/","logo":{"@type":"ImageObject","inLanguage":"es","@id":"https:\/\/fmgente.com.ar\/web\/#\/schema\/logo\/image\/","url":"https:\/\/fmgente.com.ar\/web\/wp-content\/uploads\/2023\/07\/cropped-cropped-logo-sombra2.png","contentUrl":"https:\/\/fmgente.com.ar\/web\/wp-content\/uploads\/2023\/07\/cropped-cropped-logo-sombra2.png","width":1782,"height":1782,"caption":"Fm Gente"},"image":{"@id":"https:\/\/fmgente.com.ar\/web\/#\/schema\/logo\/image\/"}}]}},"_links":{"self":[{"href":"https:\/\/fmgente.com.ar\/web\/wp-json\/wp\/v2\/posts\/10302","targetHints":{"allow":["GET"]}}],"collection":[{"href":"https:\/\/fmgente.com.ar\/web\/wp-json\/wp\/v2\/posts"}],"about":[{"href":"https:\/\/fmgente.com.ar\/web\/wp-json\/wp\/v2\/types\/post"}],"replies":[{"embeddable":true,"href":"https:\/\/fmgente.com.ar\/web\/wp-json\/wp\/v2\/comments?post=10302"}],"version-history":[{"count":0,"href":"https:\/\/fmgente.com.ar\/web\/wp-json\/wp\/v2\/posts\/10302\/revisions"}],"wp:featuredmedia":[{"embeddable":true,"href":"https:\/\/fmgente.com.ar\/web\/wp-json\/wp\/v2\/media\/10303"}],"wp:attachment":[{"href":"https:\/\/fmgente.com.ar\/web\/wp-json\/wp\/v2\/media?parent=10302"}],"wp:term":[{"taxonomy":"category","embeddable":true,"href":"https:\/\/fmgente.com.ar\/web\/wp-json\/wp\/v2\/categories?post=10302"},{"taxonomy":"post_tag","embeddable":true,"href":"https:\/\/fmgente.com.ar\/web\/wp-json\/wp\/v2\/tags?post=10302"}],"curies":[{"name":"wp","href":"https:\/\/api.w.org\/{rel}","templated":true}]}}