{"id":10300,"date":"2025-11-21T11:05:05","date_gmt":"2025-11-21T14:05:05","guid":{"rendered":"https:\/\/fmgente.com.ar\/juana-tinelli-se-puso-mas-firme-que-nunca-y-ubico-la-relacion-con-su-papa-en-la-mira-nunca-va-a-existir\/"},"modified":"2025-11-21T11:05:05","modified_gmt":"2025-11-21T14:05:05","slug":"juana-tinelli-se-puso-mas-firme-que-nunca-y-ubico-la-relacion-con-su-papa-en-la-mira-nunca-va-a-existir","status":"publish","type":"post","link":"https:\/\/fmgente.com.ar\/web\/juana-tinelli-se-puso-mas-firme-que-nunca-y-ubico-la-relacion-con-su-papa-en-la-mira-nunca-va-a-existir\/","title":{"rendered":"Juana Tinelli se puso m\u00e1s firme que nunca y ubic\u00f3 la relaci\u00f3n con su pap\u00e1 en la mira: &quot;Nunca va a existir&#8230;&quot;"},"content":{"rendered":"<p>La familia <strong>Tinelli<\/strong> atraves\u00f3 en este 2025 uno de sus momentos m\u00e1s dram\u00e1ticos, en cuanto a exposici\u00f3n y todo lo que signific\u00f3 el reciente esc\u00e1ndalo medi\u00e1tico que naci\u00f3 con <strong>Juanita Tinelli<\/strong>. Luego de eso, llegaron m\u00e1s pol\u00e9micas con el resto de los hijos del Cabez\u00f3n, como <strong>Cande<\/strong> y <strong><a href=\"https:\/\/www.paparazzi.com.ar\/teve\/francisco-tinelli-rompio-el-silencio-en-pleno-escandalo-familiar-y-dio-un-anuncio-que-cambia-su-vida\/\">Francisco Tinelli<\/a><\/strong>.<\/p>\n<p>Y en estas \u00faltimas horas ocurri\u00f3 algo muy especial, a partir del cumplea\u00f1os de Juana. El conductor decidi\u00f3 dedicarle hermosas palabras a su hija, que sorprendentemente eligi\u00f3 responder y lo hizo con mucho amor.<\/p>\n<p>\u201c<em>Feliz cumple hija hermosa. Felices 23. Deseo que siempre brilles con esa sonrisa que ilumina todo. Que tengas mucho amor y alegr\u00eda. No puedo todav\u00eda creer c\u00f3mo pasa el tiempo tan r\u00e1pido, mi vida. Todav\u00eda te recuerdo de muy chiquita, bailando por toda la casa con esos tacos altos<\/em>\u201d, escribi\u00f3 <a href=\"https:\/\/www.paparazzi.com.ar\/teve\/yanina-latorre-le-solto-la-mano-a-marcelo-tinelli-y-revelo-los-peores-datos-de-su-drama-tendria-que-haber-bancado\/\">Marcelo<\/a>.<\/p>\n<div class=\"mt-box \">\n<h4 class=\"mt-heading\">Mir\u00e1 Tambi\u00e9n<\/h4>\n<p><a href=\"https:\/\/www.paparazzi.com.ar\/teve\/exclusivo-la-increible-salida-de-mirtha-legrand-viviendo-la-noche-portena-a-sus-98-anos\/\"><\/p>\n<div class=\"mt-content\">\n<div class=\"mt-image-container\"><img decoding=\"async\" src=\"https:\/\/www.paparazzi.com.ar\/wp-content\/uploads\/2025\/11\/\u00a1Exclusivo-La-increible-salida-de-Mirtha-Legrand-viviendo-la-noche-portena-a-sus-98-anos-359x226.jpg\" alt=\"\u00a1Exclusivo! La incre\u00edble salida de Mirtha Legrand viviendo la noche porte\u00f1a a sus 98 a\u00f1os\" class=\"mt-image\" loading=\"lazy\" \/><\/div>\n<h5 class=\"mt-title\">\u00a1Exclusivo! La incre\u00edble salida de Mirtha Legrand viviendo la noche porte\u00f1a a sus 98 a\u00f1os<\/h5>\n<\/div>\n<p><\/a><\/div>\n<p>Sobre ese mismo mensaje profundo, <a href=\"https:\/\/www.paparazzi.com.ar\/teve\/revelaron-si-el-streaming-de-jorge-rial-echo-a-marcelo-tinelli-en-medio-de-su-crisis-familiar\/\">Tinelli<\/a> agreg\u00f3: \u201cQ<em>uiero tenerte en mi vida por muchos a\u00f1os m\u00e1s, en las buenas y en las malas. Hoy le\u00eda que \u2018nunca se va del alma quien est\u00e1 en el coraz\u00f3n. No hay distancia para eso\u2019. Est\u00e1s en mi coraz\u00f3n siempre. Te amo con toda mi alma mi Pebe<\/em>\u00ab.<\/p>\n<h2 class=\"wp-block-heading\">JUANITA TINELLI FIRME A LA HORA DE RESPONDERLE A SU PAP\u00c1<\/h2>\n<p>Tras recepcionar el amable saludo de su pap\u00e1, con mucha emoci\u00f3n y coraz\u00f3n en cada una de sus palabras, Juanita sali\u00f3 a responder. Aclarando que ninguna distancia entre ellos podr\u00e1 separarlos, sin dudas que su respuesta marc\u00f3 un punto importante.<\/p>\n<div class=\"mt-box \">\n<h4 class=\"mt-heading\">Mir\u00e1 Tambi\u00e9n<\/h4>\n<p><a href=\"https:\/\/www.paparazzi.com.ar\/romances\/el-oscuro-motivo-de-la-separacion-de-juanita-tinelli-y-su-novio-descubrio-que-ella-es\/\"><\/p>\n<div class=\"mt-content\">\n<div class=\"mt-image-container\"><img decoding=\"async\" src=\"https:\/\/www.paparazzi.com.ar\/wp-content\/uploads\/2025\/11\/Juanita-Tinelli-separacion-359x226.jpg\" alt=\"El oscuro motivo de la separaci\u00f3n de Juanita Tinelli y su novio: \u201cDescubri\u00f3 que ella es\u2026\u201d\" class=\"mt-image\" loading=\"lazy\" \/><\/div>\n<h5 class=\"mt-title\">El oscuro motivo de la separaci\u00f3n de Juanita Tinelli y su novio: \u201cDescubri\u00f3 que ella es\u2026\u201d<\/h5>\n<\/div>\n<p><\/a><\/div>\n<p>\u201c<em>Nunca va a existir distancia. Se puede ver, pero sentir jam\u00e1s. Sos mi pap\u00e1 y te amo con todo lo que soy. Crec\u00ed acompa\u00f1\u00e1ndote y viendo todo lo que sos. Eso no cambia, jam\u00e1s. La Juana que soy hoy, tiene much\u00edsimo de vos, eso es lo<\/em> <em>que busco y quiero transmitir siempre. Tu historia. Mi historia. Te amo<\/em>\u00ab, destac\u00f3 la hija del Cabez\u00f3n.<\/p>\n<p>En medio de todo lo que se viene hablando en relaci\u00f3n a Tinelli, su presente y c\u00f3mo se encuentra, esto sin dudas que es un mimo al alma. Tan necesario como para barrer con la fuerza de este amor, todo lo confuso que sucedi\u00f3 en la familia.<\/p>\n<figure class=\"wp-block-image size-large\"><img decoding=\"async\" src=\"https:\/\/www.paparazzi.com.ar\/wp-content\/uploads\/2025\/11\/image-175-1024x865.png.webp\" loading=\"lazy\" alt=\"\" class=\"wp-image-453937\" \/><\/figure>\n<div class=\"mt-box \">\n<h4 class=\"mt-heading\">Mir\u00e1 Tambi\u00e9n<\/h4>\n<p><a href=\"https:\/\/www.paparazzi.com.ar\/teve\/el-drama-de-juana-repetto-por-la-decision-que-tomo-uno-de-sus-hijos-en-medio-de-su-embarazo-se-va\/\"><\/p>\n<div class=\"mt-content\">\n<div class=\"mt-image-container\"><img decoding=\"async\" src=\"https:\/\/www.paparazzi.com.ar\/wp-content\/uploads\/2025\/11\/juana-repetto-2-359x226.jpg\" alt=\"El drama de Juana Repetto por la decisi\u00f3n que tom\u00f3 uno de sus hijos en medio de su embarazo: \u201cSe va&quot;\" class=\"mt-image\" loading=\"lazy\" \/><\/div>\n<h5 class=\"mt-title\">El drama de Juana Repetto por la decisi\u00f3n que tom\u00f3 uno de sus hijos en medio de su embarazo: \u201cSe va\u00bb<\/h5>\n<\/div>\n<p><\/a><\/div>\n<p>The post <a href=\"https:\/\/www.paparazzi.com.ar\/teve\/juana-tinelli-se-puso-mas-firme-que-nunca-y-ubico-la-relacion-con-su-papa-en-la-mira-nunca-va-a-existir\/\">Juana Tinelli se puso m\u00e1s firme que nunca y ubic\u00f3 la relaci\u00f3n con su pap\u00e1 en la mira: &quot;Nunca va a existir&#8230;&quot;<\/a> appeared first on <a href=\"https:\/\/www.paparazzi.com.ar\">Revista Paparazzi<\/a>.<\/p>\n","protected":false},"excerpt":{"rendered":"<p>La familia Tinelli atraves\u00f3 en este 2025 uno de sus momentos m\u00e1s dram\u00e1ticos, en cuanto<\/p>\n","protected":false},"author":0,"featured_media":10301,"comment_status":"","ping_status":"","sticky":false,"template":"","format":"standard","meta":{"footnotes":""},"categories":[11],"tags":[],"class_list":["post-10300","post","type-post","status-publish","format-standard","has-post-thumbnail","hentry","category-destacadas"],"yoast_head":"<!-- This site is optimized with the Yoast SEO plugin v27.4 - https:\/\/yoast.com\/product\/yoast-seo-wordpress\/ -->\n<title>Juana Tinelli se puso m\u00e1s firme que nunca y ubic\u00f3 la relaci\u00f3n con su pap\u00e1 en la mira: &quot;Nunca va a existir...&quot; - Fm Gente<\/title>\n<meta name=\"robots\" content=\"index, follow, max-snippet:-1, max-image-preview:large, max-video-preview:-1\" \/>\n<link rel=\"canonical\" href=\"https:\/\/fmgente.com.ar\/web\/juana-tinelli-se-puso-mas-firme-que-nunca-y-ubico-la-relacion-con-su-papa-en-la-mira-nunca-va-a-existir\/\" \/>\n<meta property=\"og:locale\" content=\"es_ES\" \/>\n<meta property=\"og:type\" content=\"article\" \/>\n<meta property=\"og:title\" content=\"Juana Tinelli se puso m\u00e1s firme que nunca y ubic\u00f3 la relaci\u00f3n con su pap\u00e1 en la mira: &quot;Nunca va a existir...&quot; - Fm Gente\" \/>\n<meta property=\"og:description\" content=\"La familia Tinelli atraves\u00f3 en este 2025 uno de sus momentos m\u00e1s dram\u00e1ticos, en cuanto\" \/>\n<meta property=\"og:url\" content=\"https:\/\/fmgente.com.ar\/web\/juana-tinelli-se-puso-mas-firme-que-nunca-y-ubico-la-relacion-con-su-papa-en-la-mira-nunca-va-a-existir\/\" \/>\n<meta property=\"og:site_name\" content=\"Fm Gente\" \/>\n<meta property=\"article:published_time\" content=\"2025-11-21T14:05:05+00:00\" \/>\n<meta property=\"og:image\" content=\"https:\/\/fmgente.com.ar\/web\/wp-content\/uploads\/2025\/11\/\u00a1Exclusivo-La-increible-salida-de-Mirtha-Legrand-viviendo-la-noche-portena-a-sus-98-anos-359x226-2.jpg\" \/>\n\t<meta property=\"og:image:width\" content=\"359\" \/>\n\t<meta property=\"og:image:height\" content=\"226\" \/>\n\t<meta property=\"og:image:type\" content=\"image\/jpeg\" \/>\n<meta name=\"twitter:card\" content=\"summary_large_image\" \/>\n<meta name=\"twitter:label1\" content=\"Tiempo de lectura\" \/>\n\t<meta name=\"twitter:data1\" content=\"2 minutos\" \/>\n<script type=\"application\/ld+json\" class=\"yoast-schema-graph\">{\"@context\":\"https:\\\/\\\/schema.org\",\"@graph\":[{\"@type\":\"Article\",\"@id\":\"https:\\\/\\\/fmgente.com.ar\\\/web\\\/juana-tinelli-se-puso-mas-firme-que-nunca-y-ubico-la-relacion-con-su-papa-en-la-mira-nunca-va-a-existir\\\/#article\",\"isPartOf\":{\"@id\":\"https:\\\/\\\/fmgente.com.ar\\\/web\\\/juana-tinelli-se-puso-mas-firme-que-nunca-y-ubico-la-relacion-con-su-papa-en-la-mira-nunca-va-a-existir\\\/\"},\"author\":{\"name\":\"\",\"@id\":\"\"},\"headline\":\"Juana Tinelli se puso m\u00e1s firme que nunca y ubic\u00f3 la relaci\u00f3n con su pap\u00e1 en la mira: &quot;Nunca va a existir&#8230;&quot;\",\"datePublished\":\"2025-11-21T14:05:05+00:00\",\"mainEntityOfPage\":{\"@id\":\"https:\\\/\\\/fmgente.com.ar\\\/web\\\/juana-tinelli-se-puso-mas-firme-que-nunca-y-ubico-la-relacion-con-su-papa-en-la-mira-nunca-va-a-existir\\\/\"},\"wordCount\":501,\"publisher\":{\"@id\":\"https:\\\/\\\/fmgente.com.ar\\\/web\\\/#organization\"},\"image\":{\"@id\":\"https:\\\/\\\/fmgente.com.ar\\\/web\\\/juana-tinelli-se-puso-mas-firme-que-nunca-y-ubico-la-relacion-con-su-papa-en-la-mira-nunca-va-a-existir\\\/#primaryimage\"},\"thumbnailUrl\":\"https:\\\/\\\/fmgente.com.ar\\\/web\\\/wp-content\\\/uploads\\\/2025\\\/11\\\/\u00a1Exclusivo-La-increible-salida-de-Mirtha-Legrand-viviendo-la-noche-portena-a-sus-98-anos-359x226-2.jpg\",\"articleSection\":[\"DESTACADAS\"],\"inLanguage\":\"es\"},{\"@type\":\"WebPage\",\"@id\":\"https:\\\/\\\/fmgente.com.ar\\\/web\\\/juana-tinelli-se-puso-mas-firme-que-nunca-y-ubico-la-relacion-con-su-papa-en-la-mira-nunca-va-a-existir\\\/\",\"url\":\"https:\\\/\\\/fmgente.com.ar\\\/web\\\/juana-tinelli-se-puso-mas-firme-que-nunca-y-ubico-la-relacion-con-su-papa-en-la-mira-nunca-va-a-existir\\\/\",\"name\":\"Juana Tinelli se puso m\u00e1s firme que nunca y ubic\u00f3 la relaci\u00f3n con su pap\u00e1 en la mira: &quot;Nunca va a existir...&quot; - Fm Gente\",\"isPartOf\":{\"@id\":\"https:\\\/\\\/fmgente.com.ar\\\/web\\\/#website\"},\"primaryImageOfPage\":{\"@id\":\"https:\\\/\\\/fmgente.com.ar\\\/web\\\/juana-tinelli-se-puso-mas-firme-que-nunca-y-ubico-la-relacion-con-su-papa-en-la-mira-nunca-va-a-existir\\\/#primaryimage\"},\"image\":{\"@id\":\"https:\\\/\\\/fmgente.com.ar\\\/web\\\/juana-tinelli-se-puso-mas-firme-que-nunca-y-ubico-la-relacion-con-su-papa-en-la-mira-nunca-va-a-existir\\\/#primaryimage\"},\"thumbnailUrl\":\"https:\\\/\\\/fmgente.com.ar\\\/web\\\/wp-content\\\/uploads\\\/2025\\\/11\\\/\u00a1Exclusivo-La-increible-salida-de-Mirtha-Legrand-viviendo-la-noche-portena-a-sus-98-anos-359x226-2.jpg\",\"datePublished\":\"2025-11-21T14:05:05+00:00\",\"inLanguage\":\"es\",\"potentialAction\":[{\"@type\":\"ReadAction\",\"target\":[\"https:\\\/\\\/fmgente.com.ar\\\/web\\\/juana-tinelli-se-puso-mas-firme-que-nunca-y-ubico-la-relacion-con-su-papa-en-la-mira-nunca-va-a-existir\\\/\"]}]},{\"@type\":\"ImageObject\",\"inLanguage\":\"es\",\"@id\":\"https:\\\/\\\/fmgente.com.ar\\\/web\\\/juana-tinelli-se-puso-mas-firme-que-nunca-y-ubico-la-relacion-con-su-papa-en-la-mira-nunca-va-a-existir\\\/#primaryimage\",\"url\":\"https:\\\/\\\/fmgente.com.ar\\\/web\\\/wp-content\\\/uploads\\\/2025\\\/11\\\/\u00a1Exclusivo-La-increible-salida-de-Mirtha-Legrand-viviendo-la-noche-portena-a-sus-98-anos-359x226-2.jpg\",\"contentUrl\":\"https:\\\/\\\/fmgente.com.ar\\\/web\\\/wp-content\\\/uploads\\\/2025\\\/11\\\/\u00a1Exclusivo-La-increible-salida-de-Mirtha-Legrand-viviendo-la-noche-portena-a-sus-98-anos-359x226-2.jpg\",\"width\":359,\"height\":226},{\"@type\":\"WebSite\",\"@id\":\"https:\\\/\\\/fmgente.com.ar\\\/web\\\/#website\",\"url\":\"https:\\\/\\\/fmgente.com.ar\\\/web\\\/\",\"name\":\"Fm Gente\",\"description\":\"- Jes\u00fas Mar\u00eda\",\"publisher\":{\"@id\":\"https:\\\/\\\/fmgente.com.ar\\\/web\\\/#organization\"},\"potentialAction\":[{\"@type\":\"SearchAction\",\"target\":{\"@type\":\"EntryPoint\",\"urlTemplate\":\"https:\\\/\\\/fmgente.com.ar\\\/web\\\/?s={search_term_string}\"},\"query-input\":{\"@type\":\"PropertyValueSpecification\",\"valueRequired\":true,\"valueName\":\"search_term_string\"}}],\"inLanguage\":\"es\"},{\"@type\":\"Organization\",\"@id\":\"https:\\\/\\\/fmgente.com.ar\\\/web\\\/#organization\",\"name\":\"Fm Gente\",\"url\":\"https:\\\/\\\/fmgente.com.ar\\\/web\\\/\",\"logo\":{\"@type\":\"ImageObject\",\"inLanguage\":\"es\",\"@id\":\"https:\\\/\\\/fmgente.com.ar\\\/web\\\/#\\\/schema\\\/logo\\\/image\\\/\",\"url\":\"https:\\\/\\\/fmgente.com.ar\\\/web\\\/wp-content\\\/uploads\\\/2023\\\/07\\\/cropped-cropped-logo-sombra2.png\",\"contentUrl\":\"https:\\\/\\\/fmgente.com.ar\\\/web\\\/wp-content\\\/uploads\\\/2023\\\/07\\\/cropped-cropped-logo-sombra2.png\",\"width\":1782,\"height\":1782,\"caption\":\"Fm Gente\"},\"image\":{\"@id\":\"https:\\\/\\\/fmgente.com.ar\\\/web\\\/#\\\/schema\\\/logo\\\/image\\\/\"}}]}<\/script>\n<!-- \/ Yoast SEO plugin. -->","yoast_head_json":{"title":"Juana Tinelli se puso m\u00e1s firme que nunca y ubic\u00f3 la relaci\u00f3n con su pap\u00e1 en la mira: &quot;Nunca va a existir...&quot; - Fm Gente","robots":{"index":"index","follow":"follow","max-snippet":"max-snippet:-1","max-image-preview":"max-image-preview:large","max-video-preview":"max-video-preview:-1"},"canonical":"https:\/\/fmgente.com.ar\/web\/juana-tinelli-se-puso-mas-firme-que-nunca-y-ubico-la-relacion-con-su-papa-en-la-mira-nunca-va-a-existir\/","og_locale":"es_ES","og_type":"article","og_title":"Juana Tinelli se puso m\u00e1s firme que nunca y ubic\u00f3 la relaci\u00f3n con su pap\u00e1 en la mira: &quot;Nunca va a existir...&quot; - Fm Gente","og_description":"La familia Tinelli atraves\u00f3 en este 2025 uno de sus momentos m\u00e1s dram\u00e1ticos, en cuanto","og_url":"https:\/\/fmgente.com.ar\/web\/juana-tinelli-se-puso-mas-firme-que-nunca-y-ubico-la-relacion-con-su-papa-en-la-mira-nunca-va-a-existir\/","og_site_name":"Fm Gente","article_published_time":"2025-11-21T14:05:05+00:00","og_image":[{"width":359,"height":226,"url":"https:\/\/fmgente.com.ar\/web\/wp-content\/uploads\/2025\/11\/\u00a1Exclusivo-La-increible-salida-de-Mirtha-Legrand-viviendo-la-noche-portena-a-sus-98-anos-359x226-2.jpg","type":"image\/jpeg"}],"twitter_card":"summary_large_image","twitter_misc":{"Tiempo de lectura":"2 minutos"},"schema":{"@context":"https:\/\/schema.org","@graph":[{"@type":"Article","@id":"https:\/\/fmgente.com.ar\/web\/juana-tinelli-se-puso-mas-firme-que-nunca-y-ubico-la-relacion-con-su-papa-en-la-mira-nunca-va-a-existir\/#article","isPartOf":{"@id":"https:\/\/fmgente.com.ar\/web\/juana-tinelli-se-puso-mas-firme-que-nunca-y-ubico-la-relacion-con-su-papa-en-la-mira-nunca-va-a-existir\/"},"author":{"name":"","@id":""},"headline":"Juana Tinelli se puso m\u00e1s firme que nunca y ubic\u00f3 la relaci\u00f3n con su pap\u00e1 en la mira: &quot;Nunca va a existir&#8230;&quot;","datePublished":"2025-11-21T14:05:05+00:00","mainEntityOfPage":{"@id":"https:\/\/fmgente.com.ar\/web\/juana-tinelli-se-puso-mas-firme-que-nunca-y-ubico-la-relacion-con-su-papa-en-la-mira-nunca-va-a-existir\/"},"wordCount":501,"publisher":{"@id":"https:\/\/fmgente.com.ar\/web\/#organization"},"image":{"@id":"https:\/\/fmgente.com.ar\/web\/juana-tinelli-se-puso-mas-firme-que-nunca-y-ubico-la-relacion-con-su-papa-en-la-mira-nunca-va-a-existir\/#primaryimage"},"thumbnailUrl":"https:\/\/fmgente.com.ar\/web\/wp-content\/uploads\/2025\/11\/\u00a1Exclusivo-La-increible-salida-de-Mirtha-Legrand-viviendo-la-noche-portena-a-sus-98-anos-359x226-2.jpg","articleSection":["DESTACADAS"],"inLanguage":"es"},{"@type":"WebPage","@id":"https:\/\/fmgente.com.ar\/web\/juana-tinelli-se-puso-mas-firme-que-nunca-y-ubico-la-relacion-con-su-papa-en-la-mira-nunca-va-a-existir\/","url":"https:\/\/fmgente.com.ar\/web\/juana-tinelli-se-puso-mas-firme-que-nunca-y-ubico-la-relacion-con-su-papa-en-la-mira-nunca-va-a-existir\/","name":"Juana Tinelli se puso m\u00e1s firme que nunca y ubic\u00f3 la relaci\u00f3n con su pap\u00e1 en la mira: &quot;Nunca va a existir...&quot; - Fm Gente","isPartOf":{"@id":"https:\/\/fmgente.com.ar\/web\/#website"},"primaryImageOfPage":{"@id":"https:\/\/fmgente.com.ar\/web\/juana-tinelli-se-puso-mas-firme-que-nunca-y-ubico-la-relacion-con-su-papa-en-la-mira-nunca-va-a-existir\/#primaryimage"},"image":{"@id":"https:\/\/fmgente.com.ar\/web\/juana-tinelli-se-puso-mas-firme-que-nunca-y-ubico-la-relacion-con-su-papa-en-la-mira-nunca-va-a-existir\/#primaryimage"},"thumbnailUrl":"https:\/\/fmgente.com.ar\/web\/wp-content\/uploads\/2025\/11\/\u00a1Exclusivo-La-increible-salida-de-Mirtha-Legrand-viviendo-la-noche-portena-a-sus-98-anos-359x226-2.jpg","datePublished":"2025-11-21T14:05:05+00:00","inLanguage":"es","potentialAction":[{"@type":"ReadAction","target":["https:\/\/fmgente.com.ar\/web\/juana-tinelli-se-puso-mas-firme-que-nunca-y-ubico-la-relacion-con-su-papa-en-la-mira-nunca-va-a-existir\/"]}]},{"@type":"ImageObject","inLanguage":"es","@id":"https:\/\/fmgente.com.ar\/web\/juana-tinelli-se-puso-mas-firme-que-nunca-y-ubico-la-relacion-con-su-papa-en-la-mira-nunca-va-a-existir\/#primaryimage","url":"https:\/\/fmgente.com.ar\/web\/wp-content\/uploads\/2025\/11\/\u00a1Exclusivo-La-increible-salida-de-Mirtha-Legrand-viviendo-la-noche-portena-a-sus-98-anos-359x226-2.jpg","contentUrl":"https:\/\/fmgente.com.ar\/web\/wp-content\/uploads\/2025\/11\/\u00a1Exclusivo-La-increible-salida-de-Mirtha-Legrand-viviendo-la-noche-portena-a-sus-98-anos-359x226-2.jpg","width":359,"height":226},{"@type":"WebSite","@id":"https:\/\/fmgente.com.ar\/web\/#website","url":"https:\/\/fmgente.com.ar\/web\/","name":"Fm Gente","description":"- Jes\u00fas Mar\u00eda","publisher":{"@id":"https:\/\/fmgente.com.ar\/web\/#organization"},"potentialAction":[{"@type":"SearchAction","target":{"@type":"EntryPoint","urlTemplate":"https:\/\/fmgente.com.ar\/web\/?s={search_term_string}"},"query-input":{"@type":"PropertyValueSpecification","valueRequired":true,"valueName":"search_term_string"}}],"inLanguage":"es"},{"@type":"Organization","@id":"https:\/\/fmgente.com.ar\/web\/#organization","name":"Fm Gente","url":"https:\/\/fmgente.com.ar\/web\/","logo":{"@type":"ImageObject","inLanguage":"es","@id":"https:\/\/fmgente.com.ar\/web\/#\/schema\/logo\/image\/","url":"https:\/\/fmgente.com.ar\/web\/wp-content\/uploads\/2023\/07\/cropped-cropped-logo-sombra2.png","contentUrl":"https:\/\/fmgente.com.ar\/web\/wp-content\/uploads\/2023\/07\/cropped-cropped-logo-sombra2.png","width":1782,"height":1782,"caption":"Fm Gente"},"image":{"@id":"https:\/\/fmgente.com.ar\/web\/#\/schema\/logo\/image\/"}}]}},"_links":{"self":[{"href":"https:\/\/fmgente.com.ar\/web\/wp-json\/wp\/v2\/posts\/10300","targetHints":{"allow":["GET"]}}],"collection":[{"href":"https:\/\/fmgente.com.ar\/web\/wp-json\/wp\/v2\/posts"}],"about":[{"href":"https:\/\/fmgente.com.ar\/web\/wp-json\/wp\/v2\/types\/post"}],"replies":[{"embeddable":true,"href":"https:\/\/fmgente.com.ar\/web\/wp-json\/wp\/v2\/comments?post=10300"}],"version-history":[{"count":0,"href":"https:\/\/fmgente.com.ar\/web\/wp-json\/wp\/v2\/posts\/10300\/revisions"}],"wp:featuredmedia":[{"embeddable":true,"href":"https:\/\/fmgente.com.ar\/web\/wp-json\/wp\/v2\/media\/10301"}],"wp:attachment":[{"href":"https:\/\/fmgente.com.ar\/web\/wp-json\/wp\/v2\/media?parent=10300"}],"wp:term":[{"taxonomy":"category","embeddable":true,"href":"https:\/\/fmgente.com.ar\/web\/wp-json\/wp\/v2\/categories?post=10300"},{"taxonomy":"post_tag","embeddable":true,"href":"https:\/\/fmgente.com.ar\/web\/wp-json\/wp\/v2\/tags?post=10300"}],"curies":[{"name":"wp","href":"https:\/\/api.w.org\/{rel}","templated":true}]}}