{"id":10298,"date":"2025-11-21T10:04:57","date_gmt":"2025-11-21T13:04:57","guid":{"rendered":"https:\/\/fmgente.com.ar\/roberto-garcia-moritan-revelo-si-se-casara-con-priscila-crivocapich-tras-los-rumores\/"},"modified":"2025-11-21T10:04:57","modified_gmt":"2025-11-21T13:04:57","slug":"roberto-garcia-moritan-revelo-si-se-casara-con-priscila-crivocapich-tras-los-rumores","status":"publish","type":"post","link":"https:\/\/fmgente.com.ar\/web\/roberto-garcia-moritan-revelo-si-se-casara-con-priscila-crivocapich-tras-los-rumores\/","title":{"rendered":"Roberto Garc\u00eda Morit\u00e1n revel\u00f3 si se casar\u00e1 con Priscila Crivocapich tras los rumores"},"content":{"rendered":"<p>El revuelo se instal\u00f3 cuando en el ciclo donde naci\u00f3 la versi\u00f3n se afirm\u00f3 que <strong><a href=\"https:\/\/www.paparazzi.com.ar\/tag\/roberto-garcia-moritan\/\">Roberto Garc\u00eda Morit\u00e1n<\/a><\/strong> podr\u00eda estar evaluando casarse con <strong>Priscila Crivocapich<\/strong>, lo que encendi\u00f3 la intriga sobre una supuesta boda inminente. La especulaci\u00f3n creci\u00f3 lo suficiente como para que el empresario terminara enfrent\u00e1ndose p\u00fablicamente a la pregunta que todos quer\u00edan escuchar: si efectivamente estaba a punto de dar ese paso.<\/p>\n<p>Desde el estudio, <strong>Yanina Latorre<\/strong> explic\u00f3 que la informaci\u00f3n que le hab\u00eda llegado era insistente y que la situaci\u00f3n ameritaba una aclaraci\u00f3n directa. En ese ida y vuelta, present\u00f3 el material que desat\u00f3 todo y sostuvo: <em>\u201cMe lleg\u00f3 el dato de que Morit\u00e1n se estar\u00eda por casar\u2026 Vamos a ver qu\u00e9 nos dijo. \u00bfSe casa o no se casa? \u00bfPuede ser que tenga ganas de casarse? \u00bfO que quiera casarse?\u201d<\/em>.<\/p>\n<p>Cuando <strong><a href=\"https:\/\/www.paparazzi.com.ar\/teve\/la-fuerte-revelacion-de-pampita-sobre-su-relacion-con-anita-su-hija-con-moritan-esta-mucho-peor\/\">Garc\u00eda Morit\u00e1n<\/a><\/strong> respondi\u00f3, baj\u00f3 la espuma de inmediato, dejando sin efecto la teor\u00eda del enlace. El empresario fue terminante al aclarar que no hab\u00eda ning\u00fan movimiento hacia una ceremonia. <em>\u201cNo, nada que ver. Debe haber sido un rumor o un malentendido. Estoy muy bien as\u00ed, sin casamiento por ahora\u201d<\/em>, asegur\u00f3 ante la consulta directa.<\/p>\n<div class=\"mt-box \">\n<h4 class=\"mt-heading\">Mir\u00e1 Tambi\u00e9n<\/h4>\n<p><a href=\"https:\/\/www.paparazzi.com.ar\/videos\/exclusivo-marcelo-polino-hablo-como-nunca-de-su-vida-intima-y-conto-cuando-fue-la-ultima-vez-que-tuvo-sexo-con-una-mujer\/\"><\/p>\n<div class=\"mt-content\">\n<div class=\"mt-image-container\"><img decoding=\"async\" src=\"https:\/\/www.paparazzi.com.ar\/wp-content\/uploads\/2025\/09\/IMG_5980.jpg.webp\" alt=\"\u00a1Exclusivo! Marcelo Polino habl\u00f3 como nunca de su vida \u00edntima y cont\u00f3 cu\u00e1ndo fue la \u00faltima vez que tuvo sexo con una mujer\u00a0\" class=\"mt-image\" loading=\"lazy\" \/><\/div>\n<h5 class=\"mt-title\">\u00a1Exclusivo! Marcelo Polino habl\u00f3 como nunca de su vida \u00edntima y cont\u00f3 cu\u00e1ndo fue la \u00faltima vez que tuvo sexo con una mujer\u00a0<\/h5>\n<\/div>\n<p><\/a><\/div>\n<p>A partir de all\u00ed, desde el programa se\u00f1alaron que la versi\u00f3n hab\u00eda comenzado porque supuestamente \u00e9l proyectaba dar un paso m\u00e1s hacia fin de a\u00f1o, una fecha demasiado cercana como para ignorarla. Sin embargo, el empresario volvi\u00f3 a desactivar cualquier conjetura con una frase tajante: <em>\u201cLejos de ser parte de mis planes, ni este a\u00f1o ni el que viene\u201d<\/em>.<\/p>\n<h2 class=\"wp-block-heading\">LA CONFESI\u00d3N DE ROBERTO GARC\u00cdA MORIT\u00c1N<\/h2>\n<p>Tambi\u00e9n surgi\u00f3 la duda sobre si el tema hab\u00eda aparecido en alguna conversaci\u00f3n informal con su pareja, aunque fuera planteado sin demasiada seriedad. \u00c9l, nuevamente, neg\u00f3 cualquier posibilidad y mantuvo la l\u00ednea firme de su postura. <em>\u201cNo, nada que ver. Nos gusta estar tranquilos, estamos bien as\u00ed\u201d<\/em>, insisti\u00f3 <strong><a href=\"https:\/\/www.paparazzi.com.ar\/teve\/la-conexion-de-roberto-garcia-moritan-con-el-robo-a-pampita-que-habia-dentro-de-la-caja-fuerte\/\">Roberto Garc\u00eda Morit\u00e1n<\/a><\/strong>.<\/p>\n<p>En el cierre, reforz\u00f3 a\u00fan m\u00e1s la idea de que no existe ning\u00fan proyecto de boda en marcha, ni siquiera como idea posible a mediano plazo, remarcando que la distancia con ese tipo de planes es absoluta. <em>\u201cNo voy a decir nunca m\u00e1s, porque la vida sorprende, pero lejos de ser parte de mis planes, ni este a\u00f1o ni el que viene\u201d<\/em>.<\/p>\n<div class=\"mt-box \">\n<h4 class=\"mt-heading\">Mir\u00e1 Tambi\u00e9n<\/h4>\n<p><a href=\"https:\/\/www.paparazzi.com.ar\/romances\/wanda-nara-mostro-como-la-china-suarez-mintio-al-hablar-de-su-romance-con-mauro-icardi\/\"><\/p>\n<div class=\"mt-content\">\n<div class=\"mt-image-container\"><img decoding=\"async\" src=\"https:\/\/www.paparazzi.com.ar\/wp-content\/uploads\/2025\/06\/Wanda-Nara-rompio-el-silencio-sobre-tras-el-pedido-de-Icardi-parar-estar-con-sus-hijas-y-la-China-Suarez.jpg.webp\" alt=\"No resiste archivo: Wanda Nara mostr\u00f3 c\u00f3mo la China Su\u00e1rez minti\u00f3 por su romance con Mauro Icardi\" class=\"mt-image\" loading=\"lazy\" \/><\/div>\n<h5 class=\"mt-title\">No resiste archivo: Wanda Nara mostr\u00f3 c\u00f3mo la China Su\u00e1rez minti\u00f3 por su romance con Mauro Icardi<\/h5>\n<\/div>\n<p><\/a><\/div>\n<div class=\"mt-box \">\n<h4 class=\"mt-heading\">Mir\u00e1 Tambi\u00e9n<\/h4>\n<p><a href=\"https:\/\/www.paparazzi.com.ar\/teve\/lourdes-fernandez-debera-pasar-una-complicada-operacion-a-los-44-anos-estoy-tratando-de\/\"><\/p>\n<div class=\"mt-content\">\n<div class=\"mt-image-container\"><img decoding=\"async\" src=\"https:\/\/www.paparazzi.com.ar\/wp-content\/uploads\/2025\/11\/Lourdes-Fernandez-debera-pasar-una-complicada-operacion-a-los-44-anos-22Estoy-tratando-de.22-359x226.jpg\" alt=\"Lourdes Fern\u00e1ndez deber\u00e1 pasar una complicada operaci\u00f3n a los 44 a\u00f1os: &quot;Estoy tratando de...&quot;\" class=\"mt-image\" loading=\"lazy\" \/><\/div>\n<h5 class=\"mt-title\">Lourdes Fern\u00e1ndez deber\u00e1 pasar una complicada operaci\u00f3n a los 44 a\u00f1os: \u00abEstoy tratando de&#8230;\u00bb<\/h5>\n<\/div>\n<p><\/a><\/div>\n<p>The post <a href=\"https:\/\/www.paparazzi.com.ar\/romances\/roberto-garcia-moritan-revelo-si-se-casara-con-priscila-crivocapich-tras-los-rumores\/\">Roberto Garc\u00eda Morit\u00e1n revel\u00f3 si se casar\u00e1 con Priscila Crivocapich tras los rumores<\/a> appeared first on <a href=\"https:\/\/www.paparazzi.com.ar\">Revista Paparazzi<\/a>.<\/p>\n","protected":false},"excerpt":{"rendered":"<p>El revuelo se instal\u00f3 cuando en el ciclo donde naci\u00f3 la versi\u00f3n se afirm\u00f3 que<\/p>\n","protected":false},"author":0,"featured_media":10299,"comment_status":"","ping_status":"","sticky":false,"template":"","format":"standard","meta":{"footnotes":""},"categories":[11],"tags":[],"class_list":["post-10298","post","type-post","status-publish","format-standard","has-post-thumbnail","hentry","category-destacadas"],"yoast_head":"<!-- This site is optimized with the Yoast SEO plugin v27.4 - https:\/\/yoast.com\/product\/yoast-seo-wordpress\/ -->\n<title>Roberto Garc\u00eda Morit\u00e1n revel\u00f3 si se casar\u00e1 con Priscila Crivocapich tras los rumores - Fm Gente<\/title>\n<meta name=\"robots\" content=\"index, follow, max-snippet:-1, max-image-preview:large, max-video-preview:-1\" \/>\n<link rel=\"canonical\" href=\"https:\/\/fmgente.com.ar\/web\/roberto-garcia-moritan-revelo-si-se-casara-con-priscila-crivocapich-tras-los-rumores\/\" \/>\n<meta property=\"og:locale\" content=\"es_ES\" \/>\n<meta property=\"og:type\" content=\"article\" \/>\n<meta property=\"og:title\" content=\"Roberto Garc\u00eda Morit\u00e1n revel\u00f3 si se casar\u00e1 con Priscila Crivocapich tras los rumores - Fm Gente\" \/>\n<meta property=\"og:description\" content=\"El revuelo se instal\u00f3 cuando en el ciclo donde naci\u00f3 la versi\u00f3n se afirm\u00f3 que\" \/>\n<meta property=\"og:url\" content=\"https:\/\/fmgente.com.ar\/web\/roberto-garcia-moritan-revelo-si-se-casara-con-priscila-crivocapich-tras-los-rumores\/\" \/>\n<meta property=\"og:site_name\" content=\"Fm Gente\" \/>\n<meta property=\"article:published_time\" content=\"2025-11-21T13:04:57+00:00\" \/>\n<meta property=\"og:image\" content=\"https:\/\/fmgente.com.ar\/web\/wp-content\/uploads\/2025\/11\/IMG_5980.jpg-21.webp\" \/>\n\t<meta property=\"og:image:width\" content=\"1900\" \/>\n\t<meta property=\"og:image:height\" content=\"1425\" \/>\n\t<meta property=\"og:image:type\" content=\"image\/webp\" \/>\n<meta name=\"twitter:card\" content=\"summary_large_image\" \/>\n<meta name=\"twitter:label1\" content=\"Tiempo de lectura\" \/>\n\t<meta name=\"twitter:data1\" content=\"2 minutos\" \/>\n<script type=\"application\/ld+json\" class=\"yoast-schema-graph\">{\"@context\":\"https:\\\/\\\/schema.org\",\"@graph\":[{\"@type\":\"Article\",\"@id\":\"https:\\\/\\\/fmgente.com.ar\\\/web\\\/roberto-garcia-moritan-revelo-si-se-casara-con-priscila-crivocapich-tras-los-rumores\\\/#article\",\"isPartOf\":{\"@id\":\"https:\\\/\\\/fmgente.com.ar\\\/web\\\/roberto-garcia-moritan-revelo-si-se-casara-con-priscila-crivocapich-tras-los-rumores\\\/\"},\"author\":{\"name\":\"\",\"@id\":\"\"},\"headline\":\"Roberto Garc\u00eda Morit\u00e1n revel\u00f3 si se casar\u00e1 con Priscila Crivocapich tras los rumores\",\"datePublished\":\"2025-11-21T13:04:57+00:00\",\"mainEntityOfPage\":{\"@id\":\"https:\\\/\\\/fmgente.com.ar\\\/web\\\/roberto-garcia-moritan-revelo-si-se-casara-con-priscila-crivocapich-tras-los-rumores\\\/\"},\"wordCount\":511,\"publisher\":{\"@id\":\"https:\\\/\\\/fmgente.com.ar\\\/web\\\/#organization\"},\"image\":{\"@id\":\"https:\\\/\\\/fmgente.com.ar\\\/web\\\/roberto-garcia-moritan-revelo-si-se-casara-con-priscila-crivocapich-tras-los-rumores\\\/#primaryimage\"},\"thumbnailUrl\":\"https:\\\/\\\/fmgente.com.ar\\\/web\\\/wp-content\\\/uploads\\\/2025\\\/11\\\/IMG_5980.jpg-21.webp\",\"articleSection\":[\"DESTACADAS\"],\"inLanguage\":\"es\"},{\"@type\":\"WebPage\",\"@id\":\"https:\\\/\\\/fmgente.com.ar\\\/web\\\/roberto-garcia-moritan-revelo-si-se-casara-con-priscila-crivocapich-tras-los-rumores\\\/\",\"url\":\"https:\\\/\\\/fmgente.com.ar\\\/web\\\/roberto-garcia-moritan-revelo-si-se-casara-con-priscila-crivocapich-tras-los-rumores\\\/\",\"name\":\"Roberto Garc\u00eda Morit\u00e1n revel\u00f3 si se casar\u00e1 con Priscila Crivocapich tras los rumores - Fm Gente\",\"isPartOf\":{\"@id\":\"https:\\\/\\\/fmgente.com.ar\\\/web\\\/#website\"},\"primaryImageOfPage\":{\"@id\":\"https:\\\/\\\/fmgente.com.ar\\\/web\\\/roberto-garcia-moritan-revelo-si-se-casara-con-priscila-crivocapich-tras-los-rumores\\\/#primaryimage\"},\"image\":{\"@id\":\"https:\\\/\\\/fmgente.com.ar\\\/web\\\/roberto-garcia-moritan-revelo-si-se-casara-con-priscila-crivocapich-tras-los-rumores\\\/#primaryimage\"},\"thumbnailUrl\":\"https:\\\/\\\/fmgente.com.ar\\\/web\\\/wp-content\\\/uploads\\\/2025\\\/11\\\/IMG_5980.jpg-21.webp\",\"datePublished\":\"2025-11-21T13:04:57+00:00\",\"inLanguage\":\"es\",\"potentialAction\":[{\"@type\":\"ReadAction\",\"target\":[\"https:\\\/\\\/fmgente.com.ar\\\/web\\\/roberto-garcia-moritan-revelo-si-se-casara-con-priscila-crivocapich-tras-los-rumores\\\/\"]}]},{\"@type\":\"ImageObject\",\"inLanguage\":\"es\",\"@id\":\"https:\\\/\\\/fmgente.com.ar\\\/web\\\/roberto-garcia-moritan-revelo-si-se-casara-con-priscila-crivocapich-tras-los-rumores\\\/#primaryimage\",\"url\":\"https:\\\/\\\/fmgente.com.ar\\\/web\\\/wp-content\\\/uploads\\\/2025\\\/11\\\/IMG_5980.jpg-21.webp\",\"contentUrl\":\"https:\\\/\\\/fmgente.com.ar\\\/web\\\/wp-content\\\/uploads\\\/2025\\\/11\\\/IMG_5980.jpg-21.webp\",\"width\":1900,\"height\":1425},{\"@type\":\"WebSite\",\"@id\":\"https:\\\/\\\/fmgente.com.ar\\\/web\\\/#website\",\"url\":\"https:\\\/\\\/fmgente.com.ar\\\/web\\\/\",\"name\":\"Fm Gente\",\"description\":\"- Jes\u00fas Mar\u00eda\",\"publisher\":{\"@id\":\"https:\\\/\\\/fmgente.com.ar\\\/web\\\/#organization\"},\"potentialAction\":[{\"@type\":\"SearchAction\",\"target\":{\"@type\":\"EntryPoint\",\"urlTemplate\":\"https:\\\/\\\/fmgente.com.ar\\\/web\\\/?s={search_term_string}\"},\"query-input\":{\"@type\":\"PropertyValueSpecification\",\"valueRequired\":true,\"valueName\":\"search_term_string\"}}],\"inLanguage\":\"es\"},{\"@type\":\"Organization\",\"@id\":\"https:\\\/\\\/fmgente.com.ar\\\/web\\\/#organization\",\"name\":\"Fm Gente\",\"url\":\"https:\\\/\\\/fmgente.com.ar\\\/web\\\/\",\"logo\":{\"@type\":\"ImageObject\",\"inLanguage\":\"es\",\"@id\":\"https:\\\/\\\/fmgente.com.ar\\\/web\\\/#\\\/schema\\\/logo\\\/image\\\/\",\"url\":\"https:\\\/\\\/fmgente.com.ar\\\/web\\\/wp-content\\\/uploads\\\/2023\\\/07\\\/cropped-cropped-logo-sombra2.png\",\"contentUrl\":\"https:\\\/\\\/fmgente.com.ar\\\/web\\\/wp-content\\\/uploads\\\/2023\\\/07\\\/cropped-cropped-logo-sombra2.png\",\"width\":1782,\"height\":1782,\"caption\":\"Fm Gente\"},\"image\":{\"@id\":\"https:\\\/\\\/fmgente.com.ar\\\/web\\\/#\\\/schema\\\/logo\\\/image\\\/\"}}]}<\/script>\n<!-- \/ Yoast SEO plugin. -->","yoast_head_json":{"title":"Roberto Garc\u00eda Morit\u00e1n revel\u00f3 si se casar\u00e1 con Priscila Crivocapich tras los rumores - Fm Gente","robots":{"index":"index","follow":"follow","max-snippet":"max-snippet:-1","max-image-preview":"max-image-preview:large","max-video-preview":"max-video-preview:-1"},"canonical":"https:\/\/fmgente.com.ar\/web\/roberto-garcia-moritan-revelo-si-se-casara-con-priscila-crivocapich-tras-los-rumores\/","og_locale":"es_ES","og_type":"article","og_title":"Roberto Garc\u00eda Morit\u00e1n revel\u00f3 si se casar\u00e1 con Priscila Crivocapich tras los rumores - Fm Gente","og_description":"El revuelo se instal\u00f3 cuando en el ciclo donde naci\u00f3 la versi\u00f3n se afirm\u00f3 que","og_url":"https:\/\/fmgente.com.ar\/web\/roberto-garcia-moritan-revelo-si-se-casara-con-priscila-crivocapich-tras-los-rumores\/","og_site_name":"Fm Gente","article_published_time":"2025-11-21T13:04:57+00:00","og_image":[{"width":1900,"height":1425,"url":"https:\/\/fmgente.com.ar\/web\/wp-content\/uploads\/2025\/11\/IMG_5980.jpg-21.webp","type":"image\/webp"}],"twitter_card":"summary_large_image","twitter_misc":{"Tiempo de lectura":"2 minutos"},"schema":{"@context":"https:\/\/schema.org","@graph":[{"@type":"Article","@id":"https:\/\/fmgente.com.ar\/web\/roberto-garcia-moritan-revelo-si-se-casara-con-priscila-crivocapich-tras-los-rumores\/#article","isPartOf":{"@id":"https:\/\/fmgente.com.ar\/web\/roberto-garcia-moritan-revelo-si-se-casara-con-priscila-crivocapich-tras-los-rumores\/"},"author":{"name":"","@id":""},"headline":"Roberto Garc\u00eda Morit\u00e1n revel\u00f3 si se casar\u00e1 con Priscila Crivocapich tras los rumores","datePublished":"2025-11-21T13:04:57+00:00","mainEntityOfPage":{"@id":"https:\/\/fmgente.com.ar\/web\/roberto-garcia-moritan-revelo-si-se-casara-con-priscila-crivocapich-tras-los-rumores\/"},"wordCount":511,"publisher":{"@id":"https:\/\/fmgente.com.ar\/web\/#organization"},"image":{"@id":"https:\/\/fmgente.com.ar\/web\/roberto-garcia-moritan-revelo-si-se-casara-con-priscila-crivocapich-tras-los-rumores\/#primaryimage"},"thumbnailUrl":"https:\/\/fmgente.com.ar\/web\/wp-content\/uploads\/2025\/11\/IMG_5980.jpg-21.webp","articleSection":["DESTACADAS"],"inLanguage":"es"},{"@type":"WebPage","@id":"https:\/\/fmgente.com.ar\/web\/roberto-garcia-moritan-revelo-si-se-casara-con-priscila-crivocapich-tras-los-rumores\/","url":"https:\/\/fmgente.com.ar\/web\/roberto-garcia-moritan-revelo-si-se-casara-con-priscila-crivocapich-tras-los-rumores\/","name":"Roberto Garc\u00eda Morit\u00e1n revel\u00f3 si se casar\u00e1 con Priscila Crivocapich tras los rumores - Fm Gente","isPartOf":{"@id":"https:\/\/fmgente.com.ar\/web\/#website"},"primaryImageOfPage":{"@id":"https:\/\/fmgente.com.ar\/web\/roberto-garcia-moritan-revelo-si-se-casara-con-priscila-crivocapich-tras-los-rumores\/#primaryimage"},"image":{"@id":"https:\/\/fmgente.com.ar\/web\/roberto-garcia-moritan-revelo-si-se-casara-con-priscila-crivocapich-tras-los-rumores\/#primaryimage"},"thumbnailUrl":"https:\/\/fmgente.com.ar\/web\/wp-content\/uploads\/2025\/11\/IMG_5980.jpg-21.webp","datePublished":"2025-11-21T13:04:57+00:00","inLanguage":"es","potentialAction":[{"@type":"ReadAction","target":["https:\/\/fmgente.com.ar\/web\/roberto-garcia-moritan-revelo-si-se-casara-con-priscila-crivocapich-tras-los-rumores\/"]}]},{"@type":"ImageObject","inLanguage":"es","@id":"https:\/\/fmgente.com.ar\/web\/roberto-garcia-moritan-revelo-si-se-casara-con-priscila-crivocapich-tras-los-rumores\/#primaryimage","url":"https:\/\/fmgente.com.ar\/web\/wp-content\/uploads\/2025\/11\/IMG_5980.jpg-21.webp","contentUrl":"https:\/\/fmgente.com.ar\/web\/wp-content\/uploads\/2025\/11\/IMG_5980.jpg-21.webp","width":1900,"height":1425},{"@type":"WebSite","@id":"https:\/\/fmgente.com.ar\/web\/#website","url":"https:\/\/fmgente.com.ar\/web\/","name":"Fm Gente","description":"- Jes\u00fas Mar\u00eda","publisher":{"@id":"https:\/\/fmgente.com.ar\/web\/#organization"},"potentialAction":[{"@type":"SearchAction","target":{"@type":"EntryPoint","urlTemplate":"https:\/\/fmgente.com.ar\/web\/?s={search_term_string}"},"query-input":{"@type":"PropertyValueSpecification","valueRequired":true,"valueName":"search_term_string"}}],"inLanguage":"es"},{"@type":"Organization","@id":"https:\/\/fmgente.com.ar\/web\/#organization","name":"Fm Gente","url":"https:\/\/fmgente.com.ar\/web\/","logo":{"@type":"ImageObject","inLanguage":"es","@id":"https:\/\/fmgente.com.ar\/web\/#\/schema\/logo\/image\/","url":"https:\/\/fmgente.com.ar\/web\/wp-content\/uploads\/2023\/07\/cropped-cropped-logo-sombra2.png","contentUrl":"https:\/\/fmgente.com.ar\/web\/wp-content\/uploads\/2023\/07\/cropped-cropped-logo-sombra2.png","width":1782,"height":1782,"caption":"Fm Gente"},"image":{"@id":"https:\/\/fmgente.com.ar\/web\/#\/schema\/logo\/image\/"}}]}},"_links":{"self":[{"href":"https:\/\/fmgente.com.ar\/web\/wp-json\/wp\/v2\/posts\/10298","targetHints":{"allow":["GET"]}}],"collection":[{"href":"https:\/\/fmgente.com.ar\/web\/wp-json\/wp\/v2\/posts"}],"about":[{"href":"https:\/\/fmgente.com.ar\/web\/wp-json\/wp\/v2\/types\/post"}],"replies":[{"embeddable":true,"href":"https:\/\/fmgente.com.ar\/web\/wp-json\/wp\/v2\/comments?post=10298"}],"version-history":[{"count":0,"href":"https:\/\/fmgente.com.ar\/web\/wp-json\/wp\/v2\/posts\/10298\/revisions"}],"wp:featuredmedia":[{"embeddable":true,"href":"https:\/\/fmgente.com.ar\/web\/wp-json\/wp\/v2\/media\/10299"}],"wp:attachment":[{"href":"https:\/\/fmgente.com.ar\/web\/wp-json\/wp\/v2\/media?parent=10298"}],"wp:term":[{"taxonomy":"category","embeddable":true,"href":"https:\/\/fmgente.com.ar\/web\/wp-json\/wp\/v2\/categories?post=10298"},{"taxonomy":"post_tag","embeddable":true,"href":"https:\/\/fmgente.com.ar\/web\/wp-json\/wp\/v2\/tags?post=10298"}],"curies":[{"name":"wp","href":"https:\/\/api.w.org\/{rel}","templated":true}]}}