{"id":10294,"date":"2025-11-21T09:04:58","date_gmt":"2025-11-21T12:04:58","guid":{"rendered":"https:\/\/fmgente.com.ar\/jesus-maria-choco-se-molesto-agredio-al-policia-y-lo-detuvieron\/"},"modified":"2025-11-21T09:04:58","modified_gmt":"2025-11-21T12:04:58","slug":"jesus-maria-choco-se-molesto-agredio-al-policia-y-lo-detuvieron","status":"publish","type":"post","link":"https:\/\/fmgente.com.ar\/web\/jesus-maria-choco-se-molesto-agredio-al-policia-y-lo-detuvieron\/","title":{"rendered":"Jes\u00fas Mar\u00eda: Choc\u00f3 se molest\u00f3, agredi\u00f3 al polic\u00eda y lo detuvieron."},"content":{"rendered":"<p>Personal Policial entrevista a un masculino de (31) a\u00f1os, quien conduc\u00eda un VW Gol de color Gris, el cual se encontraba frenado en el sem\u00e1foro cuando es impactado de atr\u00e1s por una camioneta marca Toyota Hilux 4wd color verde, Conducido por un masculino de (35) a\u00f1os, a quien se le realiza test de alcoholemia con resultado positivo, ofusc\u00e1ndose con el personal actuante, propin\u00e1ndo golpes de pu\u00f1o, e insultos siendo trasladado a la dependencia policial en calidad de Aprehendido, presente en el lugar servicio de emergencias trasladando al conductor del rodado menor al Hospital Vicente Ag\u00fcero con politraumatismos.<\/p>\n<p>Sucedi\u00f3 a las 3 de la madrugada en Calle Corrientes y Ruta 9 de Jes\u00fas Mar\u00eda.<\/p>\n<p><img loading=\"lazy\" decoding=\"async\" class=\"alignnone size-full wp-image-46826\" src=\"http:\/\/www.radiocadenanorte.com.ar\/wp-content\/uploads\/2020\/10\/f850x638-138209_215698_5050.jpeg\" alt=\"\" width=\"850\" height=\"638\" \/><\/p>\n<p>La entrada <a href=\"https:\/\/www.radiocadenanorte.com.ar\/jesus-maria-choco-se-molesto-agredio-al-policia-y-lo-detuvieron\/\">Jes\u00fas Mar\u00eda: Choc\u00f3 se molest\u00f3, agredi\u00f3 al polic\u00eda y lo detuvieron.<\/a> se public\u00f3 primero en <a href=\"https:\/\/www.radiocadenanorte.com.ar\">Cadena Norte fm<\/a>.<\/p>\n","protected":false},"excerpt":{"rendered":"<p>Personal Policial entrevista a un masculino de (31) a\u00f1os, quien conduc\u00eda un VW Gol de<\/p>\n","protected":false},"author":0,"featured_media":10295,"comment_status":"","ping_status":"","sticky":false,"template":"","format":"standard","meta":{"footnotes":""},"categories":[1],"tags":[],"class_list":["post-10294","post","type-post","status-publish","format-standard","has-post-thumbnail","hentry","category-regionales"],"yoast_head":"<!-- This site is optimized with the Yoast SEO plugin v27.4 - https:\/\/yoast.com\/product\/yoast-seo-wordpress\/ -->\n<title>Jes\u00fas Mar\u00eda: Choc\u00f3 se molest\u00f3, agredi\u00f3 al polic\u00eda y lo detuvieron. - Fm Gente<\/title>\n<meta name=\"robots\" content=\"index, follow, max-snippet:-1, max-image-preview:large, max-video-preview:-1\" \/>\n<link rel=\"canonical\" href=\"https:\/\/fmgente.com.ar\/web\/jesus-maria-choco-se-molesto-agredio-al-policia-y-lo-detuvieron\/\" \/>\n<meta property=\"og:locale\" content=\"es_ES\" \/>\n<meta property=\"og:type\" content=\"article\" \/>\n<meta property=\"og:title\" content=\"Jes\u00fas Mar\u00eda: Choc\u00f3 se molest\u00f3, agredi\u00f3 al polic\u00eda y lo detuvieron. - Fm Gente\" \/>\n<meta property=\"og:description\" content=\"Personal Policial entrevista a un masculino de (31) a\u00f1os, quien conduc\u00eda un VW Gol de\" \/>\n<meta property=\"og:url\" content=\"https:\/\/fmgente.com.ar\/web\/jesus-maria-choco-se-molesto-agredio-al-policia-y-lo-detuvieron\/\" \/>\n<meta property=\"og:site_name\" content=\"Fm Gente\" \/>\n<meta property=\"article:published_time\" content=\"2025-11-21T12:04:58+00:00\" \/>\n<meta property=\"og:image\" content=\"https:\/\/fmgente.com.ar\/web\/wp-content\/uploads\/2025\/11\/f850x638-138209_215698_5050-1.jpeg\" \/>\n\t<meta property=\"og:image:width\" content=\"850\" \/>\n\t<meta property=\"og:image:height\" content=\"638\" \/>\n\t<meta property=\"og:image:type\" content=\"image\/jpeg\" \/>\n<meta name=\"twitter:card\" content=\"summary_large_image\" \/>\n<meta name=\"twitter:label1\" content=\"Tiempo de lectura\" \/>\n\t<meta name=\"twitter:data1\" content=\"1 minuto\" \/>\n<script type=\"application\/ld+json\" class=\"yoast-schema-graph\">{\"@context\":\"https:\\\/\\\/schema.org\",\"@graph\":[{\"@type\":\"Article\",\"@id\":\"https:\\\/\\\/fmgente.com.ar\\\/web\\\/jesus-maria-choco-se-molesto-agredio-al-policia-y-lo-detuvieron\\\/#article\",\"isPartOf\":{\"@id\":\"https:\\\/\\\/fmgente.com.ar\\\/web\\\/jesus-maria-choco-se-molesto-agredio-al-policia-y-lo-detuvieron\\\/\"},\"author\":{\"name\":\"\",\"@id\":\"\"},\"headline\":\"Jes\u00fas Mar\u00eda: Choc\u00f3 se molest\u00f3, agredi\u00f3 al polic\u00eda y lo detuvieron.\",\"datePublished\":\"2025-11-21T12:04:58+00:00\",\"mainEntityOfPage\":{\"@id\":\"https:\\\/\\\/fmgente.com.ar\\\/web\\\/jesus-maria-choco-se-molesto-agredio-al-policia-y-lo-detuvieron\\\/\"},\"wordCount\":157,\"publisher\":{\"@id\":\"https:\\\/\\\/fmgente.com.ar\\\/web\\\/#organization\"},\"image\":{\"@id\":\"https:\\\/\\\/fmgente.com.ar\\\/web\\\/jesus-maria-choco-se-molesto-agredio-al-policia-y-lo-detuvieron\\\/#primaryimage\"},\"thumbnailUrl\":\"https:\\\/\\\/fmgente.com.ar\\\/web\\\/wp-content\\\/uploads\\\/2025\\\/11\\\/f850x638-138209_215698_5050-1.jpeg\",\"articleSection\":[\"REGIONALES\"],\"inLanguage\":\"es\"},{\"@type\":\"WebPage\",\"@id\":\"https:\\\/\\\/fmgente.com.ar\\\/web\\\/jesus-maria-choco-se-molesto-agredio-al-policia-y-lo-detuvieron\\\/\",\"url\":\"https:\\\/\\\/fmgente.com.ar\\\/web\\\/jesus-maria-choco-se-molesto-agredio-al-policia-y-lo-detuvieron\\\/\",\"name\":\"Jes\u00fas Mar\u00eda: Choc\u00f3 se molest\u00f3, agredi\u00f3 al polic\u00eda y lo detuvieron. - Fm Gente\",\"isPartOf\":{\"@id\":\"https:\\\/\\\/fmgente.com.ar\\\/web\\\/#website\"},\"primaryImageOfPage\":{\"@id\":\"https:\\\/\\\/fmgente.com.ar\\\/web\\\/jesus-maria-choco-se-molesto-agredio-al-policia-y-lo-detuvieron\\\/#primaryimage\"},\"image\":{\"@id\":\"https:\\\/\\\/fmgente.com.ar\\\/web\\\/jesus-maria-choco-se-molesto-agredio-al-policia-y-lo-detuvieron\\\/#primaryimage\"},\"thumbnailUrl\":\"https:\\\/\\\/fmgente.com.ar\\\/web\\\/wp-content\\\/uploads\\\/2025\\\/11\\\/f850x638-138209_215698_5050-1.jpeg\",\"datePublished\":\"2025-11-21T12:04:58+00:00\",\"inLanguage\":\"es\",\"potentialAction\":[{\"@type\":\"ReadAction\",\"target\":[\"https:\\\/\\\/fmgente.com.ar\\\/web\\\/jesus-maria-choco-se-molesto-agredio-al-policia-y-lo-detuvieron\\\/\"]}]},{\"@type\":\"ImageObject\",\"inLanguage\":\"es\",\"@id\":\"https:\\\/\\\/fmgente.com.ar\\\/web\\\/jesus-maria-choco-se-molesto-agredio-al-policia-y-lo-detuvieron\\\/#primaryimage\",\"url\":\"https:\\\/\\\/fmgente.com.ar\\\/web\\\/wp-content\\\/uploads\\\/2025\\\/11\\\/f850x638-138209_215698_5050-1.jpeg\",\"contentUrl\":\"https:\\\/\\\/fmgente.com.ar\\\/web\\\/wp-content\\\/uploads\\\/2025\\\/11\\\/f850x638-138209_215698_5050-1.jpeg\",\"width\":850,\"height\":638},{\"@type\":\"WebSite\",\"@id\":\"https:\\\/\\\/fmgente.com.ar\\\/web\\\/#website\",\"url\":\"https:\\\/\\\/fmgente.com.ar\\\/web\\\/\",\"name\":\"Fm Gente\",\"description\":\"- Jes\u00fas Mar\u00eda\",\"publisher\":{\"@id\":\"https:\\\/\\\/fmgente.com.ar\\\/web\\\/#organization\"},\"potentialAction\":[{\"@type\":\"SearchAction\",\"target\":{\"@type\":\"EntryPoint\",\"urlTemplate\":\"https:\\\/\\\/fmgente.com.ar\\\/web\\\/?s={search_term_string}\"},\"query-input\":{\"@type\":\"PropertyValueSpecification\",\"valueRequired\":true,\"valueName\":\"search_term_string\"}}],\"inLanguage\":\"es\"},{\"@type\":\"Organization\",\"@id\":\"https:\\\/\\\/fmgente.com.ar\\\/web\\\/#organization\",\"name\":\"Fm Gente\",\"url\":\"https:\\\/\\\/fmgente.com.ar\\\/web\\\/\",\"logo\":{\"@type\":\"ImageObject\",\"inLanguage\":\"es\",\"@id\":\"https:\\\/\\\/fmgente.com.ar\\\/web\\\/#\\\/schema\\\/logo\\\/image\\\/\",\"url\":\"https:\\\/\\\/fmgente.com.ar\\\/web\\\/wp-content\\\/uploads\\\/2023\\\/07\\\/cropped-cropped-logo-sombra2.png\",\"contentUrl\":\"https:\\\/\\\/fmgente.com.ar\\\/web\\\/wp-content\\\/uploads\\\/2023\\\/07\\\/cropped-cropped-logo-sombra2.png\",\"width\":1782,\"height\":1782,\"caption\":\"Fm Gente\"},\"image\":{\"@id\":\"https:\\\/\\\/fmgente.com.ar\\\/web\\\/#\\\/schema\\\/logo\\\/image\\\/\"}}]}<\/script>\n<!-- \/ Yoast SEO plugin. -->","yoast_head_json":{"title":"Jes\u00fas Mar\u00eda: Choc\u00f3 se molest\u00f3, agredi\u00f3 al polic\u00eda y lo detuvieron. - Fm Gente","robots":{"index":"index","follow":"follow","max-snippet":"max-snippet:-1","max-image-preview":"max-image-preview:large","max-video-preview":"max-video-preview:-1"},"canonical":"https:\/\/fmgente.com.ar\/web\/jesus-maria-choco-se-molesto-agredio-al-policia-y-lo-detuvieron\/","og_locale":"es_ES","og_type":"article","og_title":"Jes\u00fas Mar\u00eda: Choc\u00f3 se molest\u00f3, agredi\u00f3 al polic\u00eda y lo detuvieron. - Fm Gente","og_description":"Personal Policial entrevista a un masculino de (31) a\u00f1os, quien conduc\u00eda un VW Gol de","og_url":"https:\/\/fmgente.com.ar\/web\/jesus-maria-choco-se-molesto-agredio-al-policia-y-lo-detuvieron\/","og_site_name":"Fm Gente","article_published_time":"2025-11-21T12:04:58+00:00","og_image":[{"width":850,"height":638,"url":"https:\/\/fmgente.com.ar\/web\/wp-content\/uploads\/2025\/11\/f850x638-138209_215698_5050-1.jpeg","type":"image\/jpeg"}],"twitter_card":"summary_large_image","twitter_misc":{"Tiempo de lectura":"1 minuto"},"schema":{"@context":"https:\/\/schema.org","@graph":[{"@type":"Article","@id":"https:\/\/fmgente.com.ar\/web\/jesus-maria-choco-se-molesto-agredio-al-policia-y-lo-detuvieron\/#article","isPartOf":{"@id":"https:\/\/fmgente.com.ar\/web\/jesus-maria-choco-se-molesto-agredio-al-policia-y-lo-detuvieron\/"},"author":{"name":"","@id":""},"headline":"Jes\u00fas Mar\u00eda: Choc\u00f3 se molest\u00f3, agredi\u00f3 al polic\u00eda y lo detuvieron.","datePublished":"2025-11-21T12:04:58+00:00","mainEntityOfPage":{"@id":"https:\/\/fmgente.com.ar\/web\/jesus-maria-choco-se-molesto-agredio-al-policia-y-lo-detuvieron\/"},"wordCount":157,"publisher":{"@id":"https:\/\/fmgente.com.ar\/web\/#organization"},"image":{"@id":"https:\/\/fmgente.com.ar\/web\/jesus-maria-choco-se-molesto-agredio-al-policia-y-lo-detuvieron\/#primaryimage"},"thumbnailUrl":"https:\/\/fmgente.com.ar\/web\/wp-content\/uploads\/2025\/11\/f850x638-138209_215698_5050-1.jpeg","articleSection":["REGIONALES"],"inLanguage":"es"},{"@type":"WebPage","@id":"https:\/\/fmgente.com.ar\/web\/jesus-maria-choco-se-molesto-agredio-al-policia-y-lo-detuvieron\/","url":"https:\/\/fmgente.com.ar\/web\/jesus-maria-choco-se-molesto-agredio-al-policia-y-lo-detuvieron\/","name":"Jes\u00fas Mar\u00eda: Choc\u00f3 se molest\u00f3, agredi\u00f3 al polic\u00eda y lo detuvieron. - Fm Gente","isPartOf":{"@id":"https:\/\/fmgente.com.ar\/web\/#website"},"primaryImageOfPage":{"@id":"https:\/\/fmgente.com.ar\/web\/jesus-maria-choco-se-molesto-agredio-al-policia-y-lo-detuvieron\/#primaryimage"},"image":{"@id":"https:\/\/fmgente.com.ar\/web\/jesus-maria-choco-se-molesto-agredio-al-policia-y-lo-detuvieron\/#primaryimage"},"thumbnailUrl":"https:\/\/fmgente.com.ar\/web\/wp-content\/uploads\/2025\/11\/f850x638-138209_215698_5050-1.jpeg","datePublished":"2025-11-21T12:04:58+00:00","inLanguage":"es","potentialAction":[{"@type":"ReadAction","target":["https:\/\/fmgente.com.ar\/web\/jesus-maria-choco-se-molesto-agredio-al-policia-y-lo-detuvieron\/"]}]},{"@type":"ImageObject","inLanguage":"es","@id":"https:\/\/fmgente.com.ar\/web\/jesus-maria-choco-se-molesto-agredio-al-policia-y-lo-detuvieron\/#primaryimage","url":"https:\/\/fmgente.com.ar\/web\/wp-content\/uploads\/2025\/11\/f850x638-138209_215698_5050-1.jpeg","contentUrl":"https:\/\/fmgente.com.ar\/web\/wp-content\/uploads\/2025\/11\/f850x638-138209_215698_5050-1.jpeg","width":850,"height":638},{"@type":"WebSite","@id":"https:\/\/fmgente.com.ar\/web\/#website","url":"https:\/\/fmgente.com.ar\/web\/","name":"Fm Gente","description":"- Jes\u00fas Mar\u00eda","publisher":{"@id":"https:\/\/fmgente.com.ar\/web\/#organization"},"potentialAction":[{"@type":"SearchAction","target":{"@type":"EntryPoint","urlTemplate":"https:\/\/fmgente.com.ar\/web\/?s={search_term_string}"},"query-input":{"@type":"PropertyValueSpecification","valueRequired":true,"valueName":"search_term_string"}}],"inLanguage":"es"},{"@type":"Organization","@id":"https:\/\/fmgente.com.ar\/web\/#organization","name":"Fm Gente","url":"https:\/\/fmgente.com.ar\/web\/","logo":{"@type":"ImageObject","inLanguage":"es","@id":"https:\/\/fmgente.com.ar\/web\/#\/schema\/logo\/image\/","url":"https:\/\/fmgente.com.ar\/web\/wp-content\/uploads\/2023\/07\/cropped-cropped-logo-sombra2.png","contentUrl":"https:\/\/fmgente.com.ar\/web\/wp-content\/uploads\/2023\/07\/cropped-cropped-logo-sombra2.png","width":1782,"height":1782,"caption":"Fm Gente"},"image":{"@id":"https:\/\/fmgente.com.ar\/web\/#\/schema\/logo\/image\/"}}]}},"_links":{"self":[{"href":"https:\/\/fmgente.com.ar\/web\/wp-json\/wp\/v2\/posts\/10294","targetHints":{"allow":["GET"]}}],"collection":[{"href":"https:\/\/fmgente.com.ar\/web\/wp-json\/wp\/v2\/posts"}],"about":[{"href":"https:\/\/fmgente.com.ar\/web\/wp-json\/wp\/v2\/types\/post"}],"replies":[{"embeddable":true,"href":"https:\/\/fmgente.com.ar\/web\/wp-json\/wp\/v2\/comments?post=10294"}],"version-history":[{"count":0,"href":"https:\/\/fmgente.com.ar\/web\/wp-json\/wp\/v2\/posts\/10294\/revisions"}],"wp:featuredmedia":[{"embeddable":true,"href":"https:\/\/fmgente.com.ar\/web\/wp-json\/wp\/v2\/media\/10295"}],"wp:attachment":[{"href":"https:\/\/fmgente.com.ar\/web\/wp-json\/wp\/v2\/media?parent=10294"}],"wp:term":[{"taxonomy":"category","embeddable":true,"href":"https:\/\/fmgente.com.ar\/web\/wp-json\/wp\/v2\/categories?post=10294"},{"taxonomy":"post_tag","embeddable":true,"href":"https:\/\/fmgente.com.ar\/web\/wp-json\/wp\/v2\/tags?post=10294"}],"curies":[{"name":"wp","href":"https:\/\/api.w.org\/{rel}","templated":true}]}}