{"id":10292,"date":"2025-11-21T09:04:57","date_gmt":"2025-11-21T12:04:57","guid":{"rendered":"https:\/\/fmgente.com.ar\/colonia-caroya-lo-detuvieron-porque-tenia-pedido-de-secuestro-del-vehiculo\/"},"modified":"2025-11-21T09:04:57","modified_gmt":"2025-11-21T12:04:57","slug":"colonia-caroya-lo-detuvieron-porque-tenia-pedido-de-secuestro-del-vehiculo","status":"publish","type":"post","link":"https:\/\/fmgente.com.ar\/web\/colonia-caroya-lo-detuvieron-porque-tenia-pedido-de-secuestro-del-vehiculo\/","title":{"rendered":"Colonia Caroya: Lo detuvieron porque ten\u00eda pedido de secuestro del veh\u00edculo."},"content":{"rendered":"<p>Personal Policial procede al control de un autom\u00f3vil VW Golf color blanco, el cual al ser chequeado por sistema policial registra pedido de secuestro de la UJ 13 de C\u00f3rdoba, por lo que se procede al secuestro del rodado y traslado del conductor un masculino de (24) a\u00f1os a la dependencia policial.<\/p>\n<p>Ocurri\u00f3 cerca de la hora 23:25 en calle 42 y 31 de Colonia Caroya.<\/p>\n<p><img loading=\"lazy\" decoding=\"async\" class=\"alignnone size-full wp-image-119136\" src=\"http:\/\/www.radiocadenanorte.com.ar\/wp-content\/uploads\/2025\/11\/Imagen-de-WhatsApp-2025-11-21-a-las-07.53.04_dce4dc9c.jpg\" alt=\"\" width=\"1600\" height=\"900\" \/><\/p>\n<p>La entrada <a href=\"https:\/\/www.radiocadenanorte.com.ar\/colonia-caroya-lo-detuvieron-porque-tenia-pedido-de-secuestro-del-vehiculo\/\">Colonia Caroya: Lo detuvieron porque ten\u00eda pedido de secuestro del veh\u00edculo.<\/a> se public\u00f3 primero en <a href=\"https:\/\/www.radiocadenanorte.com.ar\">Cadena Norte fm<\/a>.<\/p>\n","protected":false},"excerpt":{"rendered":"<p>Personal Policial procede al control de un autom\u00f3vil VW Golf color blanco, el cual al<\/p>\n","protected":false},"author":0,"featured_media":10293,"comment_status":"","ping_status":"","sticky":false,"template":"","format":"standard","meta":{"footnotes":""},"categories":[1],"tags":[],"class_list":["post-10292","post","type-post","status-publish","format-standard","has-post-thumbnail","hentry","category-regionales"],"yoast_head":"<!-- This site is optimized with the Yoast SEO plugin v27.4 - https:\/\/yoast.com\/product\/yoast-seo-wordpress\/ -->\n<title>Colonia Caroya: Lo detuvieron porque ten\u00eda pedido de secuestro del veh\u00edculo. - Fm Gente<\/title>\n<meta name=\"robots\" content=\"index, follow, max-snippet:-1, max-image-preview:large, max-video-preview:-1\" \/>\n<link rel=\"canonical\" href=\"https:\/\/fmgente.com.ar\/web\/colonia-caroya-lo-detuvieron-porque-tenia-pedido-de-secuestro-del-vehiculo\/\" \/>\n<meta property=\"og:locale\" content=\"es_ES\" \/>\n<meta property=\"og:type\" content=\"article\" \/>\n<meta property=\"og:title\" content=\"Colonia Caroya: Lo detuvieron porque ten\u00eda pedido de secuestro del veh\u00edculo. - Fm Gente\" \/>\n<meta property=\"og:description\" content=\"Personal Policial procede al control de un autom\u00f3vil VW Golf color blanco, el cual al\" \/>\n<meta property=\"og:url\" content=\"https:\/\/fmgente.com.ar\/web\/colonia-caroya-lo-detuvieron-porque-tenia-pedido-de-secuestro-del-vehiculo\/\" \/>\n<meta property=\"og:site_name\" content=\"Fm Gente\" \/>\n<meta property=\"article:published_time\" content=\"2025-11-21T12:04:57+00:00\" \/>\n<meta property=\"og:image\" content=\"https:\/\/fmgente.com.ar\/web\/wp-content\/uploads\/2025\/11\/Imagen-de-WhatsApp-2025-11-21-a-las-07.53.04_dce4dc9c.jpg\" \/>\n\t<meta property=\"og:image:width\" content=\"1600\" \/>\n\t<meta property=\"og:image:height\" content=\"900\" \/>\n\t<meta property=\"og:image:type\" content=\"image\/jpeg\" \/>\n<meta name=\"twitter:card\" content=\"summary_large_image\" \/>\n<script type=\"application\/ld+json\" class=\"yoast-schema-graph\">{\"@context\":\"https:\\\/\\\/schema.org\",\"@graph\":[{\"@type\":\"Article\",\"@id\":\"https:\\\/\\\/fmgente.com.ar\\\/web\\\/colonia-caroya-lo-detuvieron-porque-tenia-pedido-de-secuestro-del-vehiculo\\\/#article\",\"isPartOf\":{\"@id\":\"https:\\\/\\\/fmgente.com.ar\\\/web\\\/colonia-caroya-lo-detuvieron-porque-tenia-pedido-de-secuestro-del-vehiculo\\\/\"},\"author\":{\"name\":\"\",\"@id\":\"\"},\"headline\":\"Colonia Caroya: Lo detuvieron porque ten\u00eda pedido de secuestro del veh\u00edculo.\",\"datePublished\":\"2025-11-21T12:04:57+00:00\",\"mainEntityOfPage\":{\"@id\":\"https:\\\/\\\/fmgente.com.ar\\\/web\\\/colonia-caroya-lo-detuvieron-porque-tenia-pedido-de-secuestro-del-vehiculo\\\/\"},\"wordCount\":99,\"publisher\":{\"@id\":\"https:\\\/\\\/fmgente.com.ar\\\/web\\\/#organization\"},\"image\":{\"@id\":\"https:\\\/\\\/fmgente.com.ar\\\/web\\\/colonia-caroya-lo-detuvieron-porque-tenia-pedido-de-secuestro-del-vehiculo\\\/#primaryimage\"},\"thumbnailUrl\":\"https:\\\/\\\/fmgente.com.ar\\\/web\\\/wp-content\\\/uploads\\\/2025\\\/11\\\/Imagen-de-WhatsApp-2025-11-21-a-las-07.53.04_dce4dc9c.jpg\",\"articleSection\":[\"REGIONALES\"],\"inLanguage\":\"es\"},{\"@type\":\"WebPage\",\"@id\":\"https:\\\/\\\/fmgente.com.ar\\\/web\\\/colonia-caroya-lo-detuvieron-porque-tenia-pedido-de-secuestro-del-vehiculo\\\/\",\"url\":\"https:\\\/\\\/fmgente.com.ar\\\/web\\\/colonia-caroya-lo-detuvieron-porque-tenia-pedido-de-secuestro-del-vehiculo\\\/\",\"name\":\"Colonia Caroya: Lo detuvieron porque ten\u00eda pedido de secuestro del veh\u00edculo. - Fm Gente\",\"isPartOf\":{\"@id\":\"https:\\\/\\\/fmgente.com.ar\\\/web\\\/#website\"},\"primaryImageOfPage\":{\"@id\":\"https:\\\/\\\/fmgente.com.ar\\\/web\\\/colonia-caroya-lo-detuvieron-porque-tenia-pedido-de-secuestro-del-vehiculo\\\/#primaryimage\"},\"image\":{\"@id\":\"https:\\\/\\\/fmgente.com.ar\\\/web\\\/colonia-caroya-lo-detuvieron-porque-tenia-pedido-de-secuestro-del-vehiculo\\\/#primaryimage\"},\"thumbnailUrl\":\"https:\\\/\\\/fmgente.com.ar\\\/web\\\/wp-content\\\/uploads\\\/2025\\\/11\\\/Imagen-de-WhatsApp-2025-11-21-a-las-07.53.04_dce4dc9c.jpg\",\"datePublished\":\"2025-11-21T12:04:57+00:00\",\"inLanguage\":\"es\",\"potentialAction\":[{\"@type\":\"ReadAction\",\"target\":[\"https:\\\/\\\/fmgente.com.ar\\\/web\\\/colonia-caroya-lo-detuvieron-porque-tenia-pedido-de-secuestro-del-vehiculo\\\/\"]}]},{\"@type\":\"ImageObject\",\"inLanguage\":\"es\",\"@id\":\"https:\\\/\\\/fmgente.com.ar\\\/web\\\/colonia-caroya-lo-detuvieron-porque-tenia-pedido-de-secuestro-del-vehiculo\\\/#primaryimage\",\"url\":\"https:\\\/\\\/fmgente.com.ar\\\/web\\\/wp-content\\\/uploads\\\/2025\\\/11\\\/Imagen-de-WhatsApp-2025-11-21-a-las-07.53.04_dce4dc9c.jpg\",\"contentUrl\":\"https:\\\/\\\/fmgente.com.ar\\\/web\\\/wp-content\\\/uploads\\\/2025\\\/11\\\/Imagen-de-WhatsApp-2025-11-21-a-las-07.53.04_dce4dc9c.jpg\",\"width\":1600,\"height\":900},{\"@type\":\"WebSite\",\"@id\":\"https:\\\/\\\/fmgente.com.ar\\\/web\\\/#website\",\"url\":\"https:\\\/\\\/fmgente.com.ar\\\/web\\\/\",\"name\":\"Fm Gente\",\"description\":\"- Jes\u00fas Mar\u00eda\",\"publisher\":{\"@id\":\"https:\\\/\\\/fmgente.com.ar\\\/web\\\/#organization\"},\"potentialAction\":[{\"@type\":\"SearchAction\",\"target\":{\"@type\":\"EntryPoint\",\"urlTemplate\":\"https:\\\/\\\/fmgente.com.ar\\\/web\\\/?s={search_term_string}\"},\"query-input\":{\"@type\":\"PropertyValueSpecification\",\"valueRequired\":true,\"valueName\":\"search_term_string\"}}],\"inLanguage\":\"es\"},{\"@type\":\"Organization\",\"@id\":\"https:\\\/\\\/fmgente.com.ar\\\/web\\\/#organization\",\"name\":\"Fm Gente\",\"url\":\"https:\\\/\\\/fmgente.com.ar\\\/web\\\/\",\"logo\":{\"@type\":\"ImageObject\",\"inLanguage\":\"es\",\"@id\":\"https:\\\/\\\/fmgente.com.ar\\\/web\\\/#\\\/schema\\\/logo\\\/image\\\/\",\"url\":\"https:\\\/\\\/fmgente.com.ar\\\/web\\\/wp-content\\\/uploads\\\/2023\\\/07\\\/cropped-cropped-logo-sombra2.png\",\"contentUrl\":\"https:\\\/\\\/fmgente.com.ar\\\/web\\\/wp-content\\\/uploads\\\/2023\\\/07\\\/cropped-cropped-logo-sombra2.png\",\"width\":1782,\"height\":1782,\"caption\":\"Fm Gente\"},\"image\":{\"@id\":\"https:\\\/\\\/fmgente.com.ar\\\/web\\\/#\\\/schema\\\/logo\\\/image\\\/\"}}]}<\/script>\n<!-- \/ Yoast SEO plugin. -->","yoast_head_json":{"title":"Colonia Caroya: Lo detuvieron porque ten\u00eda pedido de secuestro del veh\u00edculo. - Fm Gente","robots":{"index":"index","follow":"follow","max-snippet":"max-snippet:-1","max-image-preview":"max-image-preview:large","max-video-preview":"max-video-preview:-1"},"canonical":"https:\/\/fmgente.com.ar\/web\/colonia-caroya-lo-detuvieron-porque-tenia-pedido-de-secuestro-del-vehiculo\/","og_locale":"es_ES","og_type":"article","og_title":"Colonia Caroya: Lo detuvieron porque ten\u00eda pedido de secuestro del veh\u00edculo. - Fm Gente","og_description":"Personal Policial procede al control de un autom\u00f3vil VW Golf color blanco, el cual al","og_url":"https:\/\/fmgente.com.ar\/web\/colonia-caroya-lo-detuvieron-porque-tenia-pedido-de-secuestro-del-vehiculo\/","og_site_name":"Fm Gente","article_published_time":"2025-11-21T12:04:57+00:00","og_image":[{"width":1600,"height":900,"url":"https:\/\/fmgente.com.ar\/web\/wp-content\/uploads\/2025\/11\/Imagen-de-WhatsApp-2025-11-21-a-las-07.53.04_dce4dc9c.jpg","type":"image\/jpeg"}],"twitter_card":"summary_large_image","schema":{"@context":"https:\/\/schema.org","@graph":[{"@type":"Article","@id":"https:\/\/fmgente.com.ar\/web\/colonia-caroya-lo-detuvieron-porque-tenia-pedido-de-secuestro-del-vehiculo\/#article","isPartOf":{"@id":"https:\/\/fmgente.com.ar\/web\/colonia-caroya-lo-detuvieron-porque-tenia-pedido-de-secuestro-del-vehiculo\/"},"author":{"name":"","@id":""},"headline":"Colonia Caroya: Lo detuvieron porque ten\u00eda pedido de secuestro del veh\u00edculo.","datePublished":"2025-11-21T12:04:57+00:00","mainEntityOfPage":{"@id":"https:\/\/fmgente.com.ar\/web\/colonia-caroya-lo-detuvieron-porque-tenia-pedido-de-secuestro-del-vehiculo\/"},"wordCount":99,"publisher":{"@id":"https:\/\/fmgente.com.ar\/web\/#organization"},"image":{"@id":"https:\/\/fmgente.com.ar\/web\/colonia-caroya-lo-detuvieron-porque-tenia-pedido-de-secuestro-del-vehiculo\/#primaryimage"},"thumbnailUrl":"https:\/\/fmgente.com.ar\/web\/wp-content\/uploads\/2025\/11\/Imagen-de-WhatsApp-2025-11-21-a-las-07.53.04_dce4dc9c.jpg","articleSection":["REGIONALES"],"inLanguage":"es"},{"@type":"WebPage","@id":"https:\/\/fmgente.com.ar\/web\/colonia-caroya-lo-detuvieron-porque-tenia-pedido-de-secuestro-del-vehiculo\/","url":"https:\/\/fmgente.com.ar\/web\/colonia-caroya-lo-detuvieron-porque-tenia-pedido-de-secuestro-del-vehiculo\/","name":"Colonia Caroya: Lo detuvieron porque ten\u00eda pedido de secuestro del veh\u00edculo. - Fm Gente","isPartOf":{"@id":"https:\/\/fmgente.com.ar\/web\/#website"},"primaryImageOfPage":{"@id":"https:\/\/fmgente.com.ar\/web\/colonia-caroya-lo-detuvieron-porque-tenia-pedido-de-secuestro-del-vehiculo\/#primaryimage"},"image":{"@id":"https:\/\/fmgente.com.ar\/web\/colonia-caroya-lo-detuvieron-porque-tenia-pedido-de-secuestro-del-vehiculo\/#primaryimage"},"thumbnailUrl":"https:\/\/fmgente.com.ar\/web\/wp-content\/uploads\/2025\/11\/Imagen-de-WhatsApp-2025-11-21-a-las-07.53.04_dce4dc9c.jpg","datePublished":"2025-11-21T12:04:57+00:00","inLanguage":"es","potentialAction":[{"@type":"ReadAction","target":["https:\/\/fmgente.com.ar\/web\/colonia-caroya-lo-detuvieron-porque-tenia-pedido-de-secuestro-del-vehiculo\/"]}]},{"@type":"ImageObject","inLanguage":"es","@id":"https:\/\/fmgente.com.ar\/web\/colonia-caroya-lo-detuvieron-porque-tenia-pedido-de-secuestro-del-vehiculo\/#primaryimage","url":"https:\/\/fmgente.com.ar\/web\/wp-content\/uploads\/2025\/11\/Imagen-de-WhatsApp-2025-11-21-a-las-07.53.04_dce4dc9c.jpg","contentUrl":"https:\/\/fmgente.com.ar\/web\/wp-content\/uploads\/2025\/11\/Imagen-de-WhatsApp-2025-11-21-a-las-07.53.04_dce4dc9c.jpg","width":1600,"height":900},{"@type":"WebSite","@id":"https:\/\/fmgente.com.ar\/web\/#website","url":"https:\/\/fmgente.com.ar\/web\/","name":"Fm Gente","description":"- Jes\u00fas Mar\u00eda","publisher":{"@id":"https:\/\/fmgente.com.ar\/web\/#organization"},"potentialAction":[{"@type":"SearchAction","target":{"@type":"EntryPoint","urlTemplate":"https:\/\/fmgente.com.ar\/web\/?s={search_term_string}"},"query-input":{"@type":"PropertyValueSpecification","valueRequired":true,"valueName":"search_term_string"}}],"inLanguage":"es"},{"@type":"Organization","@id":"https:\/\/fmgente.com.ar\/web\/#organization","name":"Fm Gente","url":"https:\/\/fmgente.com.ar\/web\/","logo":{"@type":"ImageObject","inLanguage":"es","@id":"https:\/\/fmgente.com.ar\/web\/#\/schema\/logo\/image\/","url":"https:\/\/fmgente.com.ar\/web\/wp-content\/uploads\/2023\/07\/cropped-cropped-logo-sombra2.png","contentUrl":"https:\/\/fmgente.com.ar\/web\/wp-content\/uploads\/2023\/07\/cropped-cropped-logo-sombra2.png","width":1782,"height":1782,"caption":"Fm Gente"},"image":{"@id":"https:\/\/fmgente.com.ar\/web\/#\/schema\/logo\/image\/"}}]}},"_links":{"self":[{"href":"https:\/\/fmgente.com.ar\/web\/wp-json\/wp\/v2\/posts\/10292","targetHints":{"allow":["GET"]}}],"collection":[{"href":"https:\/\/fmgente.com.ar\/web\/wp-json\/wp\/v2\/posts"}],"about":[{"href":"https:\/\/fmgente.com.ar\/web\/wp-json\/wp\/v2\/types\/post"}],"replies":[{"embeddable":true,"href":"https:\/\/fmgente.com.ar\/web\/wp-json\/wp\/v2\/comments?post=10292"}],"version-history":[{"count":0,"href":"https:\/\/fmgente.com.ar\/web\/wp-json\/wp\/v2\/posts\/10292\/revisions"}],"wp:featuredmedia":[{"embeddable":true,"href":"https:\/\/fmgente.com.ar\/web\/wp-json\/wp\/v2\/media\/10293"}],"wp:attachment":[{"href":"https:\/\/fmgente.com.ar\/web\/wp-json\/wp\/v2\/media?parent=10292"}],"wp:term":[{"taxonomy":"category","embeddable":true,"href":"https:\/\/fmgente.com.ar\/web\/wp-json\/wp\/v2\/categories?post=10292"},{"taxonomy":"post_tag","embeddable":true,"href":"https:\/\/fmgente.com.ar\/web\/wp-json\/wp\/v2\/tags?post=10292"}],"curies":[{"name":"wp","href":"https:\/\/api.w.org\/{rel}","templated":true}]}}