{"id":10288,"date":"2025-11-21T08:06:22","date_gmt":"2025-11-21T11:06:22","guid":{"rendered":"https:\/\/fmgente.com.ar\/jesus-maria-invita-a-una-capacitacion-clave-para-emprendedores-y-pymes-sobre-regimenes-de-exportacion\/"},"modified":"2025-11-21T08:06:22","modified_gmt":"2025-11-21T11:06:22","slug":"jesus-maria-invita-a-una-capacitacion-clave-para-emprendedores-y-pymes-sobre-regimenes-de-exportacion","status":"publish","type":"post","link":"https:\/\/fmgente.com.ar\/web\/jesus-maria-invita-a-una-capacitacion-clave-para-emprendedores-y-pymes-sobre-regimenes-de-exportacion\/","title":{"rendered":"Jes\u00fas Mar\u00eda invita a una capacitaci\u00f3n clave para emprendedores y pymes sobre reg\u00edmenes de exportaci\u00f3n"},"content":{"rendered":"<p>La Municipalidad de Jes\u00fas Mar\u00eda invita a comerciantes, emprendedores, empresarios y pymes de la regi\u00f3n a participar de una charla informativa sobre los reg\u00edmenes de exportaci\u00f3n vigentes, con especial foco en transporte a\u00e9reo y las posibilidades para exportar desde el interior del pa\u00eds.<\/p>\n<p>El encuentro se realizar\u00e1 este mi\u00e9rcoles 26, a las 14:30 horas, en el Auditorio de la Sociedad Rural de Jes\u00fas Mar\u00eda (Tucum\u00e1n 255).<\/p>\n<p>Durante la jornada, se presentar\u00e1n dos herramientas dise\u00f1adas para facilitar el proceso de internacionalizaci\u00f3n:<\/p>\n<p>&#8211; Exporta Simple, una v\u00eda \u00e1gil y accesible para que emprendedores y pymes puedan comenzar a exportar desde C\u00f3rdoba.<\/p>\n<p>&#8211; R\u00e9gimen Courier, una alternativa ideal para env\u00edos r\u00e1pidos, simplificados y de menor volumen.<\/p>\n<p>Ambos sistemas permiten simplificar los tr\u00e1mites, reducir costos log\u00edsticos y abrir nuevos mercados para los negocios locales.<\/p>\n<p>Los asistentes podr\u00e1n conocer en detalle c\u00f3mo funcionan estos reg\u00edmenes, qu\u00e9 requisitos deben cumplir, cu\u00e1les son los pasos para operar y c\u00f3mo aprovecharlos para expandir sus productos al mundo de manera efectiva.<\/p>\n<p>La participaci\u00f3n es gratuita, con confirmaci\u00f3n previa en el siguiente enlace: https:\/\/bit.ly\/ExportaSimple<\/p>\n<p>La Municipalidad de Jes\u00fas Mar\u00eda, junto a municipios de la regi\u00f3n, impulsa esta instancia de formaci\u00f3n con el objetivo de generar nuevas oportunidades para el desarrollo econ\u00f3mico local y acompa\u00f1ar a emprendedores, comerciantes y empresas en su proceso de crecimiento e internacionalizaci\u00f3n.<\/p>\n<p><img loading=\"lazy\" decoding=\"async\" class=\"alignnone size-full wp-image-119110\" src=\"http:\/\/www.radiocadenanorte.com.ar\/wp-content\/uploads\/2025\/11\/Imagen-de-WhatsApp-2025-11-20-a-las-10.42.56_b60615d0.jpg\" alt=\"\" width=\"1125\" height=\"1406\" \/><\/p>\n<p>La entrada <a href=\"https:\/\/www.radiocadenanorte.com.ar\/jesus-maria-invita-a-una-capacitacion-clave-para-emprendedores-y-pymes-sobre-regimenes-de-exportacion\/\">Jes\u00fas Mar\u00eda invita a una capacitaci\u00f3n clave para emprendedores y pymes sobre reg\u00edmenes de exportaci\u00f3n<\/a> se public\u00f3 primero en <a href=\"https:\/\/www.radiocadenanorte.com.ar\">Cadena Norte fm<\/a>.<\/p>\n","protected":false},"excerpt":{"rendered":"<p>La Municipalidad de Jes\u00fas Mar\u00eda invita a comerciantes, emprendedores, empresarios y pymes de la regi\u00f3n<\/p>\n","protected":false},"author":0,"featured_media":10289,"comment_status":"","ping_status":"","sticky":false,"template":"","format":"standard","meta":{"footnotes":""},"categories":[1],"tags":[],"class_list":["post-10288","post","type-post","status-publish","format-standard","has-post-thumbnail","hentry","category-regionales"],"yoast_head":"<!-- This site is optimized with the Yoast SEO plugin v27.4 - https:\/\/yoast.com\/product\/yoast-seo-wordpress\/ -->\n<title>Jes\u00fas Mar\u00eda invita a una capacitaci\u00f3n clave para emprendedores y pymes sobre reg\u00edmenes de exportaci\u00f3n - Fm Gente<\/title>\n<meta name=\"robots\" content=\"index, follow, max-snippet:-1, max-image-preview:large, max-video-preview:-1\" \/>\n<link rel=\"canonical\" href=\"https:\/\/fmgente.com.ar\/web\/jesus-maria-invita-a-una-capacitacion-clave-para-emprendedores-y-pymes-sobre-regimenes-de-exportacion\/\" \/>\n<meta property=\"og:locale\" content=\"es_ES\" \/>\n<meta property=\"og:type\" content=\"article\" \/>\n<meta property=\"og:title\" content=\"Jes\u00fas Mar\u00eda invita a una capacitaci\u00f3n clave para emprendedores y pymes sobre reg\u00edmenes de exportaci\u00f3n - Fm Gente\" \/>\n<meta property=\"og:description\" content=\"La Municipalidad de Jes\u00fas Mar\u00eda invita a comerciantes, emprendedores, empresarios y pymes de la regi\u00f3n\" \/>\n<meta property=\"og:url\" content=\"https:\/\/fmgente.com.ar\/web\/jesus-maria-invita-a-una-capacitacion-clave-para-emprendedores-y-pymes-sobre-regimenes-de-exportacion\/\" \/>\n<meta property=\"og:site_name\" content=\"Fm Gente\" \/>\n<meta property=\"article:published_time\" content=\"2025-11-21T11:06:22+00:00\" \/>\n<meta property=\"og:image\" content=\"https:\/\/fmgente.com.ar\/web\/wp-content\/uploads\/2025\/11\/Imagen-de-WhatsApp-2025-11-20-a-las-10.42.56_b60615d0.jpg\" \/>\n\t<meta property=\"og:image:width\" content=\"1125\" \/>\n\t<meta property=\"og:image:height\" content=\"1406\" \/>\n\t<meta property=\"og:image:type\" content=\"image\/jpeg\" \/>\n<meta name=\"twitter:card\" content=\"summary_large_image\" \/>\n<meta name=\"twitter:label1\" content=\"Tiempo de lectura\" \/>\n\t<meta name=\"twitter:data1\" content=\"1 minuto\" \/>\n<script type=\"application\/ld+json\" class=\"yoast-schema-graph\">{\"@context\":\"https:\\\/\\\/schema.org\",\"@graph\":[{\"@type\":\"Article\",\"@id\":\"https:\\\/\\\/fmgente.com.ar\\\/web\\\/jesus-maria-invita-a-una-capacitacion-clave-para-emprendedores-y-pymes-sobre-regimenes-de-exportacion\\\/#article\",\"isPartOf\":{\"@id\":\"https:\\\/\\\/fmgente.com.ar\\\/web\\\/jesus-maria-invita-a-una-capacitacion-clave-para-emprendedores-y-pymes-sobre-regimenes-de-exportacion\\\/\"},\"author\":{\"name\":\"\",\"@id\":\"\"},\"headline\":\"Jes\u00fas Mar\u00eda invita a una capacitaci\u00f3n clave para emprendedores y pymes sobre reg\u00edmenes de exportaci\u00f3n\",\"datePublished\":\"2025-11-21T11:06:22+00:00\",\"mainEntityOfPage\":{\"@id\":\"https:\\\/\\\/fmgente.com.ar\\\/web\\\/jesus-maria-invita-a-una-capacitacion-clave-para-emprendedores-y-pymes-sobre-regimenes-de-exportacion\\\/\"},\"wordCount\":298,\"publisher\":{\"@id\":\"https:\\\/\\\/fmgente.com.ar\\\/web\\\/#organization\"},\"image\":{\"@id\":\"https:\\\/\\\/fmgente.com.ar\\\/web\\\/jesus-maria-invita-a-una-capacitacion-clave-para-emprendedores-y-pymes-sobre-regimenes-de-exportacion\\\/#primaryimage\"},\"thumbnailUrl\":\"https:\\\/\\\/fmgente.com.ar\\\/web\\\/wp-content\\\/uploads\\\/2025\\\/11\\\/Imagen-de-WhatsApp-2025-11-20-a-las-10.42.56_b60615d0.jpg\",\"articleSection\":[\"REGIONALES\"],\"inLanguage\":\"es\"},{\"@type\":\"WebPage\",\"@id\":\"https:\\\/\\\/fmgente.com.ar\\\/web\\\/jesus-maria-invita-a-una-capacitacion-clave-para-emprendedores-y-pymes-sobre-regimenes-de-exportacion\\\/\",\"url\":\"https:\\\/\\\/fmgente.com.ar\\\/web\\\/jesus-maria-invita-a-una-capacitacion-clave-para-emprendedores-y-pymes-sobre-regimenes-de-exportacion\\\/\",\"name\":\"Jes\u00fas Mar\u00eda invita a una capacitaci\u00f3n clave para emprendedores y pymes sobre reg\u00edmenes de exportaci\u00f3n - Fm Gente\",\"isPartOf\":{\"@id\":\"https:\\\/\\\/fmgente.com.ar\\\/web\\\/#website\"},\"primaryImageOfPage\":{\"@id\":\"https:\\\/\\\/fmgente.com.ar\\\/web\\\/jesus-maria-invita-a-una-capacitacion-clave-para-emprendedores-y-pymes-sobre-regimenes-de-exportacion\\\/#primaryimage\"},\"image\":{\"@id\":\"https:\\\/\\\/fmgente.com.ar\\\/web\\\/jesus-maria-invita-a-una-capacitacion-clave-para-emprendedores-y-pymes-sobre-regimenes-de-exportacion\\\/#primaryimage\"},\"thumbnailUrl\":\"https:\\\/\\\/fmgente.com.ar\\\/web\\\/wp-content\\\/uploads\\\/2025\\\/11\\\/Imagen-de-WhatsApp-2025-11-20-a-las-10.42.56_b60615d0.jpg\",\"datePublished\":\"2025-11-21T11:06:22+00:00\",\"inLanguage\":\"es\",\"potentialAction\":[{\"@type\":\"ReadAction\",\"target\":[\"https:\\\/\\\/fmgente.com.ar\\\/web\\\/jesus-maria-invita-a-una-capacitacion-clave-para-emprendedores-y-pymes-sobre-regimenes-de-exportacion\\\/\"]}]},{\"@type\":\"ImageObject\",\"inLanguage\":\"es\",\"@id\":\"https:\\\/\\\/fmgente.com.ar\\\/web\\\/jesus-maria-invita-a-una-capacitacion-clave-para-emprendedores-y-pymes-sobre-regimenes-de-exportacion\\\/#primaryimage\",\"url\":\"https:\\\/\\\/fmgente.com.ar\\\/web\\\/wp-content\\\/uploads\\\/2025\\\/11\\\/Imagen-de-WhatsApp-2025-11-20-a-las-10.42.56_b60615d0.jpg\",\"contentUrl\":\"https:\\\/\\\/fmgente.com.ar\\\/web\\\/wp-content\\\/uploads\\\/2025\\\/11\\\/Imagen-de-WhatsApp-2025-11-20-a-las-10.42.56_b60615d0.jpg\",\"width\":1125,\"height\":1406},{\"@type\":\"WebSite\",\"@id\":\"https:\\\/\\\/fmgente.com.ar\\\/web\\\/#website\",\"url\":\"https:\\\/\\\/fmgente.com.ar\\\/web\\\/\",\"name\":\"Fm Gente\",\"description\":\"- Jes\u00fas Mar\u00eda\",\"publisher\":{\"@id\":\"https:\\\/\\\/fmgente.com.ar\\\/web\\\/#organization\"},\"potentialAction\":[{\"@type\":\"SearchAction\",\"target\":{\"@type\":\"EntryPoint\",\"urlTemplate\":\"https:\\\/\\\/fmgente.com.ar\\\/web\\\/?s={search_term_string}\"},\"query-input\":{\"@type\":\"PropertyValueSpecification\",\"valueRequired\":true,\"valueName\":\"search_term_string\"}}],\"inLanguage\":\"es\"},{\"@type\":\"Organization\",\"@id\":\"https:\\\/\\\/fmgente.com.ar\\\/web\\\/#organization\",\"name\":\"Fm Gente\",\"url\":\"https:\\\/\\\/fmgente.com.ar\\\/web\\\/\",\"logo\":{\"@type\":\"ImageObject\",\"inLanguage\":\"es\",\"@id\":\"https:\\\/\\\/fmgente.com.ar\\\/web\\\/#\\\/schema\\\/logo\\\/image\\\/\",\"url\":\"https:\\\/\\\/fmgente.com.ar\\\/web\\\/wp-content\\\/uploads\\\/2023\\\/07\\\/cropped-cropped-logo-sombra2.png\",\"contentUrl\":\"https:\\\/\\\/fmgente.com.ar\\\/web\\\/wp-content\\\/uploads\\\/2023\\\/07\\\/cropped-cropped-logo-sombra2.png\",\"width\":1782,\"height\":1782,\"caption\":\"Fm Gente\"},\"image\":{\"@id\":\"https:\\\/\\\/fmgente.com.ar\\\/web\\\/#\\\/schema\\\/logo\\\/image\\\/\"}}]}<\/script>\n<!-- \/ Yoast SEO plugin. -->","yoast_head_json":{"title":"Jes\u00fas Mar\u00eda invita a una capacitaci\u00f3n clave para emprendedores y pymes sobre reg\u00edmenes de exportaci\u00f3n - Fm Gente","robots":{"index":"index","follow":"follow","max-snippet":"max-snippet:-1","max-image-preview":"max-image-preview:large","max-video-preview":"max-video-preview:-1"},"canonical":"https:\/\/fmgente.com.ar\/web\/jesus-maria-invita-a-una-capacitacion-clave-para-emprendedores-y-pymes-sobre-regimenes-de-exportacion\/","og_locale":"es_ES","og_type":"article","og_title":"Jes\u00fas Mar\u00eda invita a una capacitaci\u00f3n clave para emprendedores y pymes sobre reg\u00edmenes de exportaci\u00f3n - Fm Gente","og_description":"La Municipalidad de Jes\u00fas Mar\u00eda invita a comerciantes, emprendedores, empresarios y pymes de la regi\u00f3n","og_url":"https:\/\/fmgente.com.ar\/web\/jesus-maria-invita-a-una-capacitacion-clave-para-emprendedores-y-pymes-sobre-regimenes-de-exportacion\/","og_site_name":"Fm Gente","article_published_time":"2025-11-21T11:06:22+00:00","og_image":[{"width":1125,"height":1406,"url":"https:\/\/fmgente.com.ar\/web\/wp-content\/uploads\/2025\/11\/Imagen-de-WhatsApp-2025-11-20-a-las-10.42.56_b60615d0.jpg","type":"image\/jpeg"}],"twitter_card":"summary_large_image","twitter_misc":{"Tiempo de lectura":"1 minuto"},"schema":{"@context":"https:\/\/schema.org","@graph":[{"@type":"Article","@id":"https:\/\/fmgente.com.ar\/web\/jesus-maria-invita-a-una-capacitacion-clave-para-emprendedores-y-pymes-sobre-regimenes-de-exportacion\/#article","isPartOf":{"@id":"https:\/\/fmgente.com.ar\/web\/jesus-maria-invita-a-una-capacitacion-clave-para-emprendedores-y-pymes-sobre-regimenes-de-exportacion\/"},"author":{"name":"","@id":""},"headline":"Jes\u00fas Mar\u00eda invita a una capacitaci\u00f3n clave para emprendedores y pymes sobre reg\u00edmenes de exportaci\u00f3n","datePublished":"2025-11-21T11:06:22+00:00","mainEntityOfPage":{"@id":"https:\/\/fmgente.com.ar\/web\/jesus-maria-invita-a-una-capacitacion-clave-para-emprendedores-y-pymes-sobre-regimenes-de-exportacion\/"},"wordCount":298,"publisher":{"@id":"https:\/\/fmgente.com.ar\/web\/#organization"},"image":{"@id":"https:\/\/fmgente.com.ar\/web\/jesus-maria-invita-a-una-capacitacion-clave-para-emprendedores-y-pymes-sobre-regimenes-de-exportacion\/#primaryimage"},"thumbnailUrl":"https:\/\/fmgente.com.ar\/web\/wp-content\/uploads\/2025\/11\/Imagen-de-WhatsApp-2025-11-20-a-las-10.42.56_b60615d0.jpg","articleSection":["REGIONALES"],"inLanguage":"es"},{"@type":"WebPage","@id":"https:\/\/fmgente.com.ar\/web\/jesus-maria-invita-a-una-capacitacion-clave-para-emprendedores-y-pymes-sobre-regimenes-de-exportacion\/","url":"https:\/\/fmgente.com.ar\/web\/jesus-maria-invita-a-una-capacitacion-clave-para-emprendedores-y-pymes-sobre-regimenes-de-exportacion\/","name":"Jes\u00fas Mar\u00eda invita a una capacitaci\u00f3n clave para emprendedores y pymes sobre reg\u00edmenes de exportaci\u00f3n - Fm Gente","isPartOf":{"@id":"https:\/\/fmgente.com.ar\/web\/#website"},"primaryImageOfPage":{"@id":"https:\/\/fmgente.com.ar\/web\/jesus-maria-invita-a-una-capacitacion-clave-para-emprendedores-y-pymes-sobre-regimenes-de-exportacion\/#primaryimage"},"image":{"@id":"https:\/\/fmgente.com.ar\/web\/jesus-maria-invita-a-una-capacitacion-clave-para-emprendedores-y-pymes-sobre-regimenes-de-exportacion\/#primaryimage"},"thumbnailUrl":"https:\/\/fmgente.com.ar\/web\/wp-content\/uploads\/2025\/11\/Imagen-de-WhatsApp-2025-11-20-a-las-10.42.56_b60615d0.jpg","datePublished":"2025-11-21T11:06:22+00:00","inLanguage":"es","potentialAction":[{"@type":"ReadAction","target":["https:\/\/fmgente.com.ar\/web\/jesus-maria-invita-a-una-capacitacion-clave-para-emprendedores-y-pymes-sobre-regimenes-de-exportacion\/"]}]},{"@type":"ImageObject","inLanguage":"es","@id":"https:\/\/fmgente.com.ar\/web\/jesus-maria-invita-a-una-capacitacion-clave-para-emprendedores-y-pymes-sobre-regimenes-de-exportacion\/#primaryimage","url":"https:\/\/fmgente.com.ar\/web\/wp-content\/uploads\/2025\/11\/Imagen-de-WhatsApp-2025-11-20-a-las-10.42.56_b60615d0.jpg","contentUrl":"https:\/\/fmgente.com.ar\/web\/wp-content\/uploads\/2025\/11\/Imagen-de-WhatsApp-2025-11-20-a-las-10.42.56_b60615d0.jpg","width":1125,"height":1406},{"@type":"WebSite","@id":"https:\/\/fmgente.com.ar\/web\/#website","url":"https:\/\/fmgente.com.ar\/web\/","name":"Fm Gente","description":"- Jes\u00fas Mar\u00eda","publisher":{"@id":"https:\/\/fmgente.com.ar\/web\/#organization"},"potentialAction":[{"@type":"SearchAction","target":{"@type":"EntryPoint","urlTemplate":"https:\/\/fmgente.com.ar\/web\/?s={search_term_string}"},"query-input":{"@type":"PropertyValueSpecification","valueRequired":true,"valueName":"search_term_string"}}],"inLanguage":"es"},{"@type":"Organization","@id":"https:\/\/fmgente.com.ar\/web\/#organization","name":"Fm Gente","url":"https:\/\/fmgente.com.ar\/web\/","logo":{"@type":"ImageObject","inLanguage":"es","@id":"https:\/\/fmgente.com.ar\/web\/#\/schema\/logo\/image\/","url":"https:\/\/fmgente.com.ar\/web\/wp-content\/uploads\/2023\/07\/cropped-cropped-logo-sombra2.png","contentUrl":"https:\/\/fmgente.com.ar\/web\/wp-content\/uploads\/2023\/07\/cropped-cropped-logo-sombra2.png","width":1782,"height":1782,"caption":"Fm Gente"},"image":{"@id":"https:\/\/fmgente.com.ar\/web\/#\/schema\/logo\/image\/"}}]}},"_links":{"self":[{"href":"https:\/\/fmgente.com.ar\/web\/wp-json\/wp\/v2\/posts\/10288","targetHints":{"allow":["GET"]}}],"collection":[{"href":"https:\/\/fmgente.com.ar\/web\/wp-json\/wp\/v2\/posts"}],"about":[{"href":"https:\/\/fmgente.com.ar\/web\/wp-json\/wp\/v2\/types\/post"}],"replies":[{"embeddable":true,"href":"https:\/\/fmgente.com.ar\/web\/wp-json\/wp\/v2\/comments?post=10288"}],"version-history":[{"count":0,"href":"https:\/\/fmgente.com.ar\/web\/wp-json\/wp\/v2\/posts\/10288\/revisions"}],"wp:featuredmedia":[{"embeddable":true,"href":"https:\/\/fmgente.com.ar\/web\/wp-json\/wp\/v2\/media\/10289"}],"wp:attachment":[{"href":"https:\/\/fmgente.com.ar\/web\/wp-json\/wp\/v2\/media?parent=10288"}],"wp:term":[{"taxonomy":"category","embeddable":true,"href":"https:\/\/fmgente.com.ar\/web\/wp-json\/wp\/v2\/categories?post=10288"},{"taxonomy":"post_tag","embeddable":true,"href":"https:\/\/fmgente.com.ar\/web\/wp-json\/wp\/v2\/tags?post=10288"}],"curies":[{"name":"wp","href":"https:\/\/api.w.org\/{rel}","templated":true}]}}