{"id":10284,"date":"2025-11-21T08:06:13","date_gmt":"2025-11-21T11:06:13","guid":{"rendered":"https:\/\/fmgente.com.ar\/el-intimo-ritual-de-homenaje-que-hizo-dario-barassi-a-2-anos-de-la-muerte-de-su-mama\/"},"modified":"2025-11-21T08:06:13","modified_gmt":"2025-11-21T11:06:13","slug":"el-intimo-ritual-de-homenaje-que-hizo-dario-barassi-a-2-anos-de-la-muerte-de-su-mama","status":"publish","type":"post","link":"https:\/\/fmgente.com.ar\/web\/el-intimo-ritual-de-homenaje-que-hizo-dario-barassi-a-2-anos-de-la-muerte-de-su-mama\/","title":{"rendered":"El \u00edntimo ritual de homenaje que hizo Dar\u00edo Barassi a 2 a\u00f1os de la muerte de su mam\u00e1"},"content":{"rendered":"<p><strong><a href=\"https:\/\/www.paparazzi.com.ar\/?s=Dar%C3%ADo+Barassi\">Dar\u00edo Barassi<\/a><\/strong> vivi\u00f3 uno de los d\u00edas m\u00e1s significativos del a\u00f1o: <a href=\"https:\/\/www.paparazzi.com.ar\/teve\/la-desgarradora-carta-de-dario-barassi-por-el-dia-de-la-madre-solo-faltas-vos\/\">se cumplieron dos a\u00f1os de la muerte de su mam\u00e1<\/a>, Laura. El conductor eligi\u00f3 volver a San Juan, su tierra, para conectar con ese recuerdo que lo atraviesa y decidi\u00f3 compartir el momento con sus seguidores a trav\u00e9s de un posteo cargado de emociones, an\u00e9cdotas y amor.<\/p>\n<p>La primera imagen que subi\u00f3 fue una foto en blanco y negro abrazado a su madre, una postal que transmite una ternura intacta, como si ese v\u00ednculo siguiera intacto m\u00e1s all\u00e1 del tiempo. Luego mostr\u00f3 la tumba de Laura, decorada con elementos que \u00e9l mismo eligi\u00f3: flores secas bajo el sol sanjuanino, algunas pi\u00f1as recogidas en el lugar y detalles que evocan su hogar y su historia familiar.<\/p>\n<p>La \u00faltima publicaci\u00f3n fue un video del cementerio: silencio, viento y una atm\u00f3sfera \u00edntima que acompa\u00f1\u00f3 sus palabras. En un extenso mensaje, Barassi comenz\u00f3 revelando la se\u00f1al que recibi\u00f3 esa ma\u00f1ana: <em>\u201cMe quiero hacer cargo de algo\u00bb<\/em>.<\/p>\n<div class=\"mt-box \">\n<h4 class=\"mt-heading\">Mir\u00e1 Tambi\u00e9n<\/h4>\n<p><a href=\"https:\/\/www.paparazzi.com.ar\/romances\/exclusivo-el-video-de-la-china-suarez-y-mauro-icardi-viajando-a-turquia-sin-sus-hijos-y-en-un-vuelo-normal\/\"><\/p>\n<div class=\"mt-content\">\n<div class=\"mt-image-container\"><img decoding=\"async\" src=\"https:\/\/www.paparazzi.com.ar\/wp-content\/uploads\/2025\/11\/Mauro-Icardi-China-Suarez-aeropuerto-359x226.jpg\" alt=\"\u00a1Exclusivo! El video de la China Su\u00e1rez y Mauro Icardi viajando a Turqu\u00eda sin sus hijos y en un vuelo normal\" class=\"mt-image\" loading=\"lazy\" \/><\/div>\n<h5 class=\"mt-title\">\u00a1Exclusivo! El video de la China Su\u00e1rez y Mauro Icardi viajando a Turqu\u00eda sin sus hijos y en un vuelo normal<\/h5>\n<\/div>\n<p><\/a><\/div>\n<p><em>\u00abHoy me despert\u00e9 y mientras desayunaba apareci\u00f3 una mariposa blanca. Se qued\u00f3 buen rato, algo quer\u00eda. Siempre que eso pasa o que hay un viento abrisado la siento a mi vieja. Siento que es ella. Le hablo. Me sonr\u00edo. Me duele y tambi\u00e9n me gusta\u201d<\/em> expres\u00f3 totalmente conmovido.<\/p>\n<p>A partir de ah\u00ed, dej\u00f3 correr el relato con un tono tan honesto como conmovedor.<em> \u201cHoy ten\u00eda pensado ir al cementerio, lo que intento cada vez que estoy en San Juan, porque me hace bien. Pero el plan cambi\u00f3. Me llega un mensaje de mi mujer deseando estar cerca en un d\u00eda especial\u00bb<\/em>.<\/p>\n<div class=\"mt-box \">\n<h4 class=\"mt-heading\">Mir\u00e1 Tambi\u00e9n<\/h4>\n<p><a href=\"https:\/\/www.paparazzi.com.ar\/teve\/asi-celebro-dario-barassi-sus-42-anos-junto-a-su-esposa-e-hijas-las-fotos\/\"><\/p>\n<div class=\"mt-content\">\n<div class=\"mt-image-container\"><img decoding=\"async\" src=\"https:\/\/www.paparazzi.com.ar\/wp-content\/uploads\/2025\/11\/barassi-359x226.png\" alt=\"As\u00ed celebr\u00f3 Dar\u00edo Barassi sus 42 a\u00f1os junto a su esposa e hijas: las fotos\" class=\"mt-image\" loading=\"lazy\" \/><\/div>\n<h5 class=\"mt-title\">As\u00ed celebr\u00f3 Dar\u00edo Barassi sus 42 a\u00f1os junto a su esposa e hijas: las fotos<\/h5>\n<\/div>\n<p><\/a><\/div>\n<p>\u00ab<em>Y reci\u00e9n ah\u00ed ca\u00ed en la cuenta de qu\u00e9 d\u00eda era hoy y por qu\u00e9 esa mariposa blanca se quedaba ah\u00ed mir\u00e1ndome juzgona como diciendo \u2018gordo afloja al desayuno de hotel y raj\u00e1 a darme amor y flores\u2019. Jajaja te imagino dici\u00e9ndolo vieja querida\u201d<\/em> dijo.<\/p>\n<p>De inmediato, cont\u00f3 c\u00f3mo arm\u00f3 el peque\u00f1o altar improvisado para homenajearla: <em>\u201cHoy hace 2 a\u00f1os que te fuiste viejita querida. Me ba\u00f1\u00e9 y vine r\u00e1pido. No hay flores frescas as\u00ed que hice lo que pude. Encontr\u00e9 unas disecadas por el sol sanjuanino intenso, pero a vos te encantaba secar flores bordo y hacer ese popurr\u00ed con olor rico\u00bb.<\/em><\/p>\n<div class=\"mt-box \">\n<h4 class=\"mt-heading\">Mir\u00e1 Tambi\u00e9n<\/h4>\n<p><a href=\"https:\/\/www.paparazzi.com.ar\/teve\/la-desgarradora-carta-de-dario-barassi-por-el-dia-de-la-madre-solo-faltas-vos\/\"><\/p>\n<div class=\"mt-content\">\n<div class=\"mt-image-container\"><img decoding=\"async\" src=\"https:\/\/www.paparazzi.com.ar\/wp-content\/uploads\/2025\/10\/Dario-Barassi-p-359x226.jpg\" alt=\"La desgarradora carta de Dar\u00edo Barassi por el D\u00eda de la Madre: \u201cSolo faltas vos\u201d\" class=\"mt-image\" loading=\"lazy\" \/><\/div>\n<h5 class=\"mt-title\">La desgarradora carta de Dar\u00edo Barassi por el D\u00eda de la Madre: \u201cSolo faltas vos\u201d<\/h5>\n<\/div>\n<p><\/a><\/div>\n<p>Y sigui\u00f3:<em> \u00abJunt\u00e9 unas pi\u00f1as que hab\u00eda, que tambi\u00e9n me recuerdan a vos y tus copones de pi\u00f1as para navidad por toda la casa. Y tambi\u00e9n acomod\u00e9 el llamador de sue\u00f1os que siempre la Pipi mayor chequea que est\u00e9 cuando venimos. Tarea cumplida\u201d.<\/em><\/p>\n<p><a href=\"https:\/\/www.paparazzi.com.ar\/teve\/la-desgarradora-carta-que-dario-barassi-le-dedico-a-su-madre-a-horas-de-su-vuelta-a-la-tv\/\">La reflexi\u00f3n m\u00e1s profunda<\/a> lleg\u00f3 despu\u00e9s. Barassi se sincer\u00f3 sobre su proceso de sanaci\u00f3n y c\u00f3mo la presencia de su madre se hace sentir en lo cotidiano: <em>\u201cConfieso, me llama la atenci\u00f3n no haber tenido la fecha en mente. Pero lejos de sentirme el peor hijo del mundo en alg\u00fan punto me parece sano\u00bb.<\/em><\/p>\n<div class=\"mt-box \">\n<h4 class=\"mt-heading\">Mir\u00e1 Tambi\u00e9n<\/h4>\n<p><a href=\"https:\/\/www.paparazzi.com.ar\/teve\/una-numerologa-fue-a-ahora-caigo-y-descoloco-a-dario-barassi-al-revelarle-datos-intimos-de-su-vida\/\"><\/p>\n<div class=\"mt-content\">\n<div class=\"mt-image-container\"><img decoding=\"async\" src=\"https:\/\/www.paparazzi.com.ar\/wp-content\/uploads\/2025\/10\/dario-barassi-359x226.png\" alt=\"Una numer\u00f3loga fue a Ahora Caigo y descoloc\u00f3 a Dar\u00edo Barassi al revelarle datos \u00edntimos de su vida\" class=\"mt-image\" loading=\"lazy\" \/><\/div>\n<h5 class=\"mt-title\">Una numer\u00f3loga fue a Ahora Caigo y descoloc\u00f3 a Dar\u00edo Barassi al revelarle datos \u00edntimos de su vida<\/h5>\n<\/div>\n<p><\/a><\/div>\n<p><em>\u00abLa herida va cicatrizando. Ya no siento despedida o ausencia. Todo lo contrario. Est\u00e1s ac\u00e1 vieja. En los ojos de In\u00e9s, en los recuerdos de Emi, en los abrazos amorosos siempre necesarios de mi mujer, en mis hermanos y nuestros recuerdos, en el vittel tonn\u00e9 y turr\u00f3n de Quacker, en la m\u00fasica, en el viento y en las mariposas blancas\u201d<\/em> expres\u00f3 el conductor.<\/p>\n<p>Acompa\u00f1\u00f3 el texto con una imagen de los elementos que dej\u00f3 sobre la tumba a modo de ritual: flores secas, un rosario, pi\u00f1as y un llamador de viento, objetos cargados de memoria afectiva. Finalmente, cerr\u00f3 con un mensaje que mezcla humor, ternura y dolor: <em>\u201cEra una visita m\u00e1s, pero result\u00f3 ser un d\u00eda especial\u00bb.<\/em><\/p>\n<div class=\"mt-box \">\n<h4 class=\"mt-heading\">Mir\u00e1 Tambi\u00e9n<\/h4>\n<p><a href=\"https:\/\/www.paparazzi.com.ar\/teve\/el-escandalo-que-armo-dario-barassi-tras-echar-a-una-persona-de-la-tribuna-de-su-programa\/\"><\/p>\n<div class=\"mt-content\">\n<div class=\"mt-image-container\"><img decoding=\"async\" src=\"https:\/\/www.paparazzi.com.ar\/wp-content\/uploads\/2025\/08\/dario-barassi-ahora-caigo.png.webp\" alt=\"El esc\u00e1ndalo que arm\u00f3 Dar\u00edo Barassi tras echar a una persona de la tribuna de su programa\" class=\"mt-image\" loading=\"lazy\" \/><\/div>\n<h5 class=\"mt-title\">El esc\u00e1ndalo que arm\u00f3 Dar\u00edo Barassi tras echar a una persona de la tribuna de su programa<\/h5>\n<\/div>\n<p><\/a><\/div>\n<p><em>\u00abIgual, lo que importa va por otro lado, vos y yo lo sabemos y nos entendemos como siempre. Este gorrrrito te ama. Dejaste huella para siempre. Ah\u00ed la mariposa se fue con el viento. Ya me perdonaste el olvido y te vas tranquila. Guacha. Besos al cielo de parte de todos los que te queremos vieja m\u00eda\u201d<\/em> lanz\u00f3 emocionado.<\/p>\n<p>Y remat\u00f3 con una posdata que despert\u00f3 sonrisas entre sus seguidores: <em>\u201cPD: d\u00f3nde carajo dejaste la receta del vittel que se viene la \u00e9poca y nadie sabe hacerlo como vos\u201d.<\/em>  Entre se\u00f1ales, rituales y recuerdos, Dar\u00edo Barassi transform\u00f3 un d\u00eda de dolor en un homenaje luminoso, \u00edntimo y profundamente humano, reafirmando el amor eterno entre madre e hijo.<\/p>\n<figure class=\"wp-block-image size-large\"><img decoding=\"async\" src=\"https:\/\/www.paparazzi.com.ar\/wp-content\/uploads\/2025\/11\/image-172-768x1024.png.webp\" loading=\"lazy\" alt=\"\" class=\"wp-image-453770\" \/><\/figure>\n<figure class=\"wp-block-image size-large\"><img decoding=\"async\" src=\"https:\/\/www.paparazzi.com.ar\/wp-content\/uploads\/2025\/11\/image-173-768x1024.png.webp\" loading=\"lazy\" alt=\"\" class=\"wp-image-453771\" \/><\/figure>\n<div class=\"mt-box \">\n<h4 class=\"mt-heading\">Mir\u00e1 Tambi\u00e9n<\/h4>\n<p><a href=\"https:\/\/www.paparazzi.com.ar\/teve\/una-numerologa-fue-a-ahora-caigo-y-descoloco-a-dario-barassi-al-revelarle-datos-intimos-de-su-vida\/\"><\/p>\n<div class=\"mt-content\">\n<div class=\"mt-image-container\"><img decoding=\"async\" src=\"https:\/\/www.paparazzi.com.ar\/wp-content\/uploads\/2025\/10\/dario-barassi-359x226.png\" alt=\"Una numer\u00f3loga fue a Ahora Caigo y descoloc\u00f3 a Dar\u00edo Barassi al revelarle datos \u00edntimos de su vida\" class=\"mt-image\" loading=\"lazy\" \/><\/div>\n<h5 class=\"mt-title\">Una numer\u00f3loga fue a Ahora Caigo y descoloc\u00f3 a Dar\u00edo Barassi al revelarle datos \u00edntimos de su vida<\/h5>\n<\/div>\n<p><\/a><\/div>\n<div class=\"mt-box \">\n<h4 class=\"mt-heading\">Mir\u00e1 Tambi\u00e9n<\/h4>\n<p><a href=\"https:\/\/www.paparazzi.com.ar\/teve\/el-insulto-de-dario-barassi-a-una-participante-de-ahora-caigo-tras-confesar-la-locura-que-hizo-por-taylor-swift-sos-enferma\/\"><\/p>\n<div class=\"mt-content\">\n<div class=\"mt-image-container\"><img decoding=\"async\" src=\"https:\/\/www.paparazzi.com.ar\/wp-content\/uploads\/2025\/10\/dario-barassi-1-359x226.png\" alt=\"El insulto de Dar\u00edo Barassi a una participante de Ahora Caigo tras confesar la locura que hizo por Taylor Swift: &quot;\u00bfSos enferma?&quot;\" class=\"mt-image\" loading=\"lazy\" \/><\/div>\n<h5 class=\"mt-title\">El insulto de Dar\u00edo Barassi a una participante de Ahora Caigo tras confesar la locura que hizo por Taylor Swift: \u00ab\u00bfSos enferma?\u00bb<\/h5>\n<\/div>\n<p><\/a><\/div>\n<p>The post <a href=\"https:\/\/www.paparazzi.com.ar\/teve\/el-intimo-ritual-de-homenaje-que-hizo-dario-barassi-a-2-anos-de-la-muerte-de-su-mama\/\">El \u00edntimo ritual de homenaje que hizo Dar\u00edo Barassi a 2 a\u00f1os de la muerte de su mam\u00e1<\/a> appeared first on <a href=\"https:\/\/www.paparazzi.com.ar\">Revista Paparazzi<\/a>.<\/p>\n","protected":false},"excerpt":{"rendered":"<p>Dar\u00edo Barassi vivi\u00f3 uno de los d\u00edas m\u00e1s significativos del a\u00f1o: se cumplieron dos a\u00f1os<\/p>\n","protected":false},"author":0,"featured_media":10285,"comment_status":"","ping_status":"","sticky":false,"template":"","format":"standard","meta":{"footnotes":""},"categories":[11],"tags":[],"class_list":["post-10284","post","type-post","status-publish","format-standard","has-post-thumbnail","hentry","category-destacadas"],"yoast_head":"<!-- This site is optimized with the Yoast SEO plugin v27.4 - https:\/\/yoast.com\/product\/yoast-seo-wordpress\/ -->\n<title>El \u00edntimo ritual de homenaje que hizo Dar\u00edo Barassi a 2 a\u00f1os de la muerte de su mam\u00e1 - Fm Gente<\/title>\n<meta name=\"robots\" content=\"index, follow, max-snippet:-1, max-image-preview:large, max-video-preview:-1\" \/>\n<link rel=\"canonical\" href=\"https:\/\/fmgente.com.ar\/web\/el-intimo-ritual-de-homenaje-que-hizo-dario-barassi-a-2-anos-de-la-muerte-de-su-mama\/\" \/>\n<meta property=\"og:locale\" content=\"es_ES\" \/>\n<meta property=\"og:type\" content=\"article\" \/>\n<meta property=\"og:title\" content=\"El \u00edntimo ritual de homenaje que hizo Dar\u00edo Barassi a 2 a\u00f1os de la muerte de su mam\u00e1 - Fm Gente\" \/>\n<meta property=\"og:description\" content=\"Dar\u00edo Barassi vivi\u00f3 uno de los d\u00edas m\u00e1s significativos del a\u00f1o: se cumplieron dos a\u00f1os\" \/>\n<meta property=\"og:url\" content=\"https:\/\/fmgente.com.ar\/web\/el-intimo-ritual-de-homenaje-que-hizo-dario-barassi-a-2-anos-de-la-muerte-de-su-mama\/\" \/>\n<meta property=\"og:site_name\" content=\"Fm Gente\" \/>\n<meta property=\"article:published_time\" content=\"2025-11-21T11:06:13+00:00\" \/>\n<meta property=\"og:image\" content=\"https:\/\/fmgente.com.ar\/web\/wp-content\/uploads\/2025\/11\/Mauro-Icardi-China-Suarez-aeropuerto-359x226-15.jpg\" \/>\n\t<meta property=\"og:image:width\" content=\"359\" \/>\n\t<meta property=\"og:image:height\" content=\"226\" \/>\n\t<meta property=\"og:image:type\" content=\"image\/jpeg\" \/>\n<meta name=\"twitter:card\" content=\"summary_large_image\" \/>\n<meta name=\"twitter:label1\" content=\"Tiempo de lectura\" \/>\n\t<meta name=\"twitter:data1\" content=\"5 minutos\" \/>\n<script type=\"application\/ld+json\" class=\"yoast-schema-graph\">{\"@context\":\"https:\\\/\\\/schema.org\",\"@graph\":[{\"@type\":\"Article\",\"@id\":\"https:\\\/\\\/fmgente.com.ar\\\/web\\\/el-intimo-ritual-de-homenaje-que-hizo-dario-barassi-a-2-anos-de-la-muerte-de-su-mama\\\/#article\",\"isPartOf\":{\"@id\":\"https:\\\/\\\/fmgente.com.ar\\\/web\\\/el-intimo-ritual-de-homenaje-que-hizo-dario-barassi-a-2-anos-de-la-muerte-de-su-mama\\\/\"},\"author\":{\"name\":\"\",\"@id\":\"\"},\"headline\":\"El \u00edntimo ritual de homenaje que hizo Dar\u00edo Barassi a 2 a\u00f1os de la muerte de su mam\u00e1\",\"datePublished\":\"2025-11-21T11:06:13+00:00\",\"mainEntityOfPage\":{\"@id\":\"https:\\\/\\\/fmgente.com.ar\\\/web\\\/el-intimo-ritual-de-homenaje-que-hizo-dario-barassi-a-2-anos-de-la-muerte-de-su-mama\\\/\"},\"wordCount\":953,\"publisher\":{\"@id\":\"https:\\\/\\\/fmgente.com.ar\\\/web\\\/#organization\"},\"image\":{\"@id\":\"https:\\\/\\\/fmgente.com.ar\\\/web\\\/el-intimo-ritual-de-homenaje-que-hizo-dario-barassi-a-2-anos-de-la-muerte-de-su-mama\\\/#primaryimage\"},\"thumbnailUrl\":\"https:\\\/\\\/fmgente.com.ar\\\/web\\\/wp-content\\\/uploads\\\/2025\\\/11\\\/Mauro-Icardi-China-Suarez-aeropuerto-359x226-15.jpg\",\"articleSection\":[\"DESTACADAS\"],\"inLanguage\":\"es\"},{\"@type\":\"WebPage\",\"@id\":\"https:\\\/\\\/fmgente.com.ar\\\/web\\\/el-intimo-ritual-de-homenaje-que-hizo-dario-barassi-a-2-anos-de-la-muerte-de-su-mama\\\/\",\"url\":\"https:\\\/\\\/fmgente.com.ar\\\/web\\\/el-intimo-ritual-de-homenaje-que-hizo-dario-barassi-a-2-anos-de-la-muerte-de-su-mama\\\/\",\"name\":\"El \u00edntimo ritual de homenaje que hizo Dar\u00edo Barassi a 2 a\u00f1os de la muerte de su mam\u00e1 - Fm Gente\",\"isPartOf\":{\"@id\":\"https:\\\/\\\/fmgente.com.ar\\\/web\\\/#website\"},\"primaryImageOfPage\":{\"@id\":\"https:\\\/\\\/fmgente.com.ar\\\/web\\\/el-intimo-ritual-de-homenaje-que-hizo-dario-barassi-a-2-anos-de-la-muerte-de-su-mama\\\/#primaryimage\"},\"image\":{\"@id\":\"https:\\\/\\\/fmgente.com.ar\\\/web\\\/el-intimo-ritual-de-homenaje-que-hizo-dario-barassi-a-2-anos-de-la-muerte-de-su-mama\\\/#primaryimage\"},\"thumbnailUrl\":\"https:\\\/\\\/fmgente.com.ar\\\/web\\\/wp-content\\\/uploads\\\/2025\\\/11\\\/Mauro-Icardi-China-Suarez-aeropuerto-359x226-15.jpg\",\"datePublished\":\"2025-11-21T11:06:13+00:00\",\"inLanguage\":\"es\",\"potentialAction\":[{\"@type\":\"ReadAction\",\"target\":[\"https:\\\/\\\/fmgente.com.ar\\\/web\\\/el-intimo-ritual-de-homenaje-que-hizo-dario-barassi-a-2-anos-de-la-muerte-de-su-mama\\\/\"]}]},{\"@type\":\"ImageObject\",\"inLanguage\":\"es\",\"@id\":\"https:\\\/\\\/fmgente.com.ar\\\/web\\\/el-intimo-ritual-de-homenaje-que-hizo-dario-barassi-a-2-anos-de-la-muerte-de-su-mama\\\/#primaryimage\",\"url\":\"https:\\\/\\\/fmgente.com.ar\\\/web\\\/wp-content\\\/uploads\\\/2025\\\/11\\\/Mauro-Icardi-China-Suarez-aeropuerto-359x226-15.jpg\",\"contentUrl\":\"https:\\\/\\\/fmgente.com.ar\\\/web\\\/wp-content\\\/uploads\\\/2025\\\/11\\\/Mauro-Icardi-China-Suarez-aeropuerto-359x226-15.jpg\",\"width\":359,\"height\":226},{\"@type\":\"WebSite\",\"@id\":\"https:\\\/\\\/fmgente.com.ar\\\/web\\\/#website\",\"url\":\"https:\\\/\\\/fmgente.com.ar\\\/web\\\/\",\"name\":\"Fm Gente\",\"description\":\"- Jes\u00fas Mar\u00eda\",\"publisher\":{\"@id\":\"https:\\\/\\\/fmgente.com.ar\\\/web\\\/#organization\"},\"potentialAction\":[{\"@type\":\"SearchAction\",\"target\":{\"@type\":\"EntryPoint\",\"urlTemplate\":\"https:\\\/\\\/fmgente.com.ar\\\/web\\\/?s={search_term_string}\"},\"query-input\":{\"@type\":\"PropertyValueSpecification\",\"valueRequired\":true,\"valueName\":\"search_term_string\"}}],\"inLanguage\":\"es\"},{\"@type\":\"Organization\",\"@id\":\"https:\\\/\\\/fmgente.com.ar\\\/web\\\/#organization\",\"name\":\"Fm Gente\",\"url\":\"https:\\\/\\\/fmgente.com.ar\\\/web\\\/\",\"logo\":{\"@type\":\"ImageObject\",\"inLanguage\":\"es\",\"@id\":\"https:\\\/\\\/fmgente.com.ar\\\/web\\\/#\\\/schema\\\/logo\\\/image\\\/\",\"url\":\"https:\\\/\\\/fmgente.com.ar\\\/web\\\/wp-content\\\/uploads\\\/2023\\\/07\\\/cropped-cropped-logo-sombra2.png\",\"contentUrl\":\"https:\\\/\\\/fmgente.com.ar\\\/web\\\/wp-content\\\/uploads\\\/2023\\\/07\\\/cropped-cropped-logo-sombra2.png\",\"width\":1782,\"height\":1782,\"caption\":\"Fm Gente\"},\"image\":{\"@id\":\"https:\\\/\\\/fmgente.com.ar\\\/web\\\/#\\\/schema\\\/logo\\\/image\\\/\"}}]}<\/script>\n<!-- \/ Yoast SEO plugin. -->","yoast_head_json":{"title":"El \u00edntimo ritual de homenaje que hizo Dar\u00edo Barassi a 2 a\u00f1os de la muerte de su mam\u00e1 - Fm Gente","robots":{"index":"index","follow":"follow","max-snippet":"max-snippet:-1","max-image-preview":"max-image-preview:large","max-video-preview":"max-video-preview:-1"},"canonical":"https:\/\/fmgente.com.ar\/web\/el-intimo-ritual-de-homenaje-que-hizo-dario-barassi-a-2-anos-de-la-muerte-de-su-mama\/","og_locale":"es_ES","og_type":"article","og_title":"El \u00edntimo ritual de homenaje que hizo Dar\u00edo Barassi a 2 a\u00f1os de la muerte de su mam\u00e1 - Fm Gente","og_description":"Dar\u00edo Barassi vivi\u00f3 uno de los d\u00edas m\u00e1s significativos del a\u00f1o: se cumplieron dos a\u00f1os","og_url":"https:\/\/fmgente.com.ar\/web\/el-intimo-ritual-de-homenaje-que-hizo-dario-barassi-a-2-anos-de-la-muerte-de-su-mama\/","og_site_name":"Fm Gente","article_published_time":"2025-11-21T11:06:13+00:00","og_image":[{"width":359,"height":226,"url":"https:\/\/fmgente.com.ar\/web\/wp-content\/uploads\/2025\/11\/Mauro-Icardi-China-Suarez-aeropuerto-359x226-15.jpg","type":"image\/jpeg"}],"twitter_card":"summary_large_image","twitter_misc":{"Tiempo de lectura":"5 minutos"},"schema":{"@context":"https:\/\/schema.org","@graph":[{"@type":"Article","@id":"https:\/\/fmgente.com.ar\/web\/el-intimo-ritual-de-homenaje-que-hizo-dario-barassi-a-2-anos-de-la-muerte-de-su-mama\/#article","isPartOf":{"@id":"https:\/\/fmgente.com.ar\/web\/el-intimo-ritual-de-homenaje-que-hizo-dario-barassi-a-2-anos-de-la-muerte-de-su-mama\/"},"author":{"name":"","@id":""},"headline":"El \u00edntimo ritual de homenaje que hizo Dar\u00edo Barassi a 2 a\u00f1os de la muerte de su mam\u00e1","datePublished":"2025-11-21T11:06:13+00:00","mainEntityOfPage":{"@id":"https:\/\/fmgente.com.ar\/web\/el-intimo-ritual-de-homenaje-que-hizo-dario-barassi-a-2-anos-de-la-muerte-de-su-mama\/"},"wordCount":953,"publisher":{"@id":"https:\/\/fmgente.com.ar\/web\/#organization"},"image":{"@id":"https:\/\/fmgente.com.ar\/web\/el-intimo-ritual-de-homenaje-que-hizo-dario-barassi-a-2-anos-de-la-muerte-de-su-mama\/#primaryimage"},"thumbnailUrl":"https:\/\/fmgente.com.ar\/web\/wp-content\/uploads\/2025\/11\/Mauro-Icardi-China-Suarez-aeropuerto-359x226-15.jpg","articleSection":["DESTACADAS"],"inLanguage":"es"},{"@type":"WebPage","@id":"https:\/\/fmgente.com.ar\/web\/el-intimo-ritual-de-homenaje-que-hizo-dario-barassi-a-2-anos-de-la-muerte-de-su-mama\/","url":"https:\/\/fmgente.com.ar\/web\/el-intimo-ritual-de-homenaje-que-hizo-dario-barassi-a-2-anos-de-la-muerte-de-su-mama\/","name":"El \u00edntimo ritual de homenaje que hizo Dar\u00edo Barassi a 2 a\u00f1os de la muerte de su mam\u00e1 - Fm Gente","isPartOf":{"@id":"https:\/\/fmgente.com.ar\/web\/#website"},"primaryImageOfPage":{"@id":"https:\/\/fmgente.com.ar\/web\/el-intimo-ritual-de-homenaje-que-hizo-dario-barassi-a-2-anos-de-la-muerte-de-su-mama\/#primaryimage"},"image":{"@id":"https:\/\/fmgente.com.ar\/web\/el-intimo-ritual-de-homenaje-que-hizo-dario-barassi-a-2-anos-de-la-muerte-de-su-mama\/#primaryimage"},"thumbnailUrl":"https:\/\/fmgente.com.ar\/web\/wp-content\/uploads\/2025\/11\/Mauro-Icardi-China-Suarez-aeropuerto-359x226-15.jpg","datePublished":"2025-11-21T11:06:13+00:00","inLanguage":"es","potentialAction":[{"@type":"ReadAction","target":["https:\/\/fmgente.com.ar\/web\/el-intimo-ritual-de-homenaje-que-hizo-dario-barassi-a-2-anos-de-la-muerte-de-su-mama\/"]}]},{"@type":"ImageObject","inLanguage":"es","@id":"https:\/\/fmgente.com.ar\/web\/el-intimo-ritual-de-homenaje-que-hizo-dario-barassi-a-2-anos-de-la-muerte-de-su-mama\/#primaryimage","url":"https:\/\/fmgente.com.ar\/web\/wp-content\/uploads\/2025\/11\/Mauro-Icardi-China-Suarez-aeropuerto-359x226-15.jpg","contentUrl":"https:\/\/fmgente.com.ar\/web\/wp-content\/uploads\/2025\/11\/Mauro-Icardi-China-Suarez-aeropuerto-359x226-15.jpg","width":359,"height":226},{"@type":"WebSite","@id":"https:\/\/fmgente.com.ar\/web\/#website","url":"https:\/\/fmgente.com.ar\/web\/","name":"Fm Gente","description":"- Jes\u00fas Mar\u00eda","publisher":{"@id":"https:\/\/fmgente.com.ar\/web\/#organization"},"potentialAction":[{"@type":"SearchAction","target":{"@type":"EntryPoint","urlTemplate":"https:\/\/fmgente.com.ar\/web\/?s={search_term_string}"},"query-input":{"@type":"PropertyValueSpecification","valueRequired":true,"valueName":"search_term_string"}}],"inLanguage":"es"},{"@type":"Organization","@id":"https:\/\/fmgente.com.ar\/web\/#organization","name":"Fm Gente","url":"https:\/\/fmgente.com.ar\/web\/","logo":{"@type":"ImageObject","inLanguage":"es","@id":"https:\/\/fmgente.com.ar\/web\/#\/schema\/logo\/image\/","url":"https:\/\/fmgente.com.ar\/web\/wp-content\/uploads\/2023\/07\/cropped-cropped-logo-sombra2.png","contentUrl":"https:\/\/fmgente.com.ar\/web\/wp-content\/uploads\/2023\/07\/cropped-cropped-logo-sombra2.png","width":1782,"height":1782,"caption":"Fm Gente"},"image":{"@id":"https:\/\/fmgente.com.ar\/web\/#\/schema\/logo\/image\/"}}]}},"_links":{"self":[{"href":"https:\/\/fmgente.com.ar\/web\/wp-json\/wp\/v2\/posts\/10284","targetHints":{"allow":["GET"]}}],"collection":[{"href":"https:\/\/fmgente.com.ar\/web\/wp-json\/wp\/v2\/posts"}],"about":[{"href":"https:\/\/fmgente.com.ar\/web\/wp-json\/wp\/v2\/types\/post"}],"replies":[{"embeddable":true,"href":"https:\/\/fmgente.com.ar\/web\/wp-json\/wp\/v2\/comments?post=10284"}],"version-history":[{"count":0,"href":"https:\/\/fmgente.com.ar\/web\/wp-json\/wp\/v2\/posts\/10284\/revisions"}],"wp:featuredmedia":[{"embeddable":true,"href":"https:\/\/fmgente.com.ar\/web\/wp-json\/wp\/v2\/media\/10285"}],"wp:attachment":[{"href":"https:\/\/fmgente.com.ar\/web\/wp-json\/wp\/v2\/media?parent=10284"}],"wp:term":[{"taxonomy":"category","embeddable":true,"href":"https:\/\/fmgente.com.ar\/web\/wp-json\/wp\/v2\/categories?post=10284"},{"taxonomy":"post_tag","embeddable":true,"href":"https:\/\/fmgente.com.ar\/web\/wp-json\/wp\/v2\/tags?post=10284"}],"curies":[{"name":"wp","href":"https:\/\/api.w.org\/{rel}","templated":true}]}}