{"id":10258,"date":"2025-11-20T22:05:05","date_gmt":"2025-11-21T01:05:05","guid":{"rendered":"https:\/\/fmgente.com.ar\/facundo-pieres-conto-toda-la-verdad-de-su-relacion-con-gabriela-sari-estoy-pasandola-bien\/"},"modified":"2025-11-20T22:05:05","modified_gmt":"2025-11-21T01:05:05","slug":"facundo-pieres-conto-toda-la-verdad-de-su-relacion-con-gabriela-sari-estoy-pasandola-bien","status":"publish","type":"post","link":"https:\/\/fmgente.com.ar\/web\/facundo-pieres-conto-toda-la-verdad-de-su-relacion-con-gabriela-sari-estoy-pasandola-bien\/","title":{"rendered":"Facundo Pieres cont\u00f3 toda la verdad de su relaci\u00f3n con Gabriela Sari: \u201cEstoy pas\u00e1ndola bien\u201d"},"content":{"rendered":"<p>Se termin\u00f3 esa etapa h\u00edper medi\u00e1tica, en la que su nombre luc\u00eda en todos los titulares, por la magnitud de la figura p\u00fablica de su pareja. Facundo Pieres sali\u00f3 de los radares tras la separaci\u00f3n de Zaira Nara, en ese romance muy analizado y que finalmente se extingui\u00f3.<\/p>\n<p>Ahora, el polista regres\u00f3 con fuerza a la palestra, dado que Yanina Latorre lo ilumin\u00f3 con todo. La angelita acudi\u00f3 a sus fuentes de informaci\u00f3n y asever\u00f3 que inici\u00f3 un romance con Gabriela Sari, la actriz que se divorci\u00f3 de Rulo Schijman y que regres\u00f3 a la solter\u00eda.<\/p>\n<p>A partir de los dichos de la conductora de S\u00e1lvese quien pueda, el deportista qued\u00f3 en el foco y todos los medios buscaban su palabra, que lleg\u00f3. Resulta que Pieres se anim\u00f3 a describir la relaci\u00f3n muy cercana que lo une con Gabriela y confirm\u00f3 todo.<\/p>\n<div class=\"mt-box \">\n<h4 class=\"mt-heading\">Mir\u00e1 Tambi\u00e9n<\/h4>\n<p><a href=\"https:\/\/www.paparazzi.com.ar\/teve\/wanda-nara-rompio-el-silencio-y-le-respondio-a-la-ex-empleada-que-le-reclama-millones-la-eche-porque\/\"><\/p>\n<div class=\"mt-content\">\n<div class=\"mt-image-container\"><img decoding=\"async\" src=\"https:\/\/www.paparazzi.com.ar\/wp-content\/uploads\/2025\/11\/Wanda-Nara-empleada-ex-359x226.jpg\" alt=\"Wanda Nara rompi\u00f3 el silencio y le respondi\u00f3 a la ex empleada que le reclama millones: \u201cLa ech\u00e9 porque\u2026\u201d\" class=\"mt-image\" loading=\"lazy\" \/><\/div>\n<h5 class=\"mt-title\">Wanda Nara rompi\u00f3 el silencio y le respondi\u00f3 a la ex empleada que le reclama millones: \u201cLa ech\u00e9 porque\u2026\u201d<\/h5>\n<\/div>\n<p><\/a><\/div>\n<p>Sin pelos en la lengua, ni eufemismos, Pieres corrobor\u00f3: \u00abEs verdad que la conozco pero porque tenemos muchos amigos en com\u00fan, pero fue solo eso\u201d. Y despu\u00e9s contradijo a Yanina al afirmar: \u201cSe dijeron algunas otras cosas pero tambi\u00e9n son mentiras\u00bb.&nbsp;<\/p>\n<\/p>\n<p>Luego de evitar ahondar en <a href=\"https:\/\/www.paparazzi.com.ar\/teve\/el-terrible-comentario-de-ex-de-gabriela-sari-por-su-romance-con-facundo-pieres\/\">Sari<\/a>, el polista describi\u00f3 su actualidad sentimental y cont\u00f3: \u00abEstoy solo, tranquilo, pas\u00e1ndola bien con mi familia, y disfrutando de las cosas que son importante para mi\u00bb. Claro que podr\u00eda tratarse de una estrategia evasiva, pero por el momento se disuelve la teor\u00eda de un amor incipiente.<\/p>\n<p>Por otra parte, <a href=\"https:\/\/www.paparazzi.com.ar\/romances\/gabriela-sari-confirmo-lo-mas-fuerte-de-su-relacion-con-facuno-pieres-que-fluya-y\/\">Facundo<\/a> corrobor\u00f3 que no posee m\u00e1s contacto con Zaira. \u00abYa no nos hablamos\u201d, dispar\u00f3 y luego maquill\u00f3: \u201cIgual, qued\u00f3 y terminamos todo m\u00e1s que bien. Estuvimos tres a\u00f1os juntos, fueron lindos, espectaculares, pero no fue f\u00e1cil frenar el v\u00ednculo. La quiero mucho, le tengo un cari\u00f1o grande a su familia, ella lo mismo con la m\u00eda, pero ya est\u00e1, en alg\u00fan momento tuvimos que parar el di\u00e1logo para darle un cierre a la relaci\u00f3n\u00bb.<\/p>\n<div class=\"mt-box \">\n<h4 class=\"mt-heading\">Mir\u00e1 Tambi\u00e9n<\/h4>\n<p><a href=\"https:\/\/www.paparazzi.com.ar\/romances\/gabriela-sari-confirmo-lo-mas-fuerte-de-su-relacion-con-facuno-pieres-que-fluya-y\/\"><\/p>\n<div class=\"mt-content\">\n<div class=\"mt-image-container\"><img decoding=\"async\" src=\"https:\/\/www.paparazzi.com.ar\/wp-content\/uploads\/2025\/10\/Gabriela-Sari-y-Facundo-Pieres-1-359x226.jpg\" alt=\"Gabriela Sari confirm\u00f3 lo m\u00e1s fuerte de su relaci\u00f3n con Facundo Pieres: &quot;Que fluya y...&quot;\" class=\"mt-image\" loading=\"lazy\" \/><\/div>\n<h5 class=\"mt-title\">Gabriela Sari confirm\u00f3 lo m\u00e1s fuerte de su relaci\u00f3n con Facundo Pieres: \u00abQue fluya y&#8230;\u00bb<\/h5>\n<\/div>\n<p><\/a><\/div>\n<div class=\"mt-box \">\n<h4 class=\"mt-heading\">Mir\u00e1 Tambi\u00e9n<\/h4>\n<p><a href=\"https:\/\/www.paparazzi.com.ar\/teve\/el-terrible-comentario-de-ex-de-gabriela-sari-por-su-romance-con-facundo-pieres\/\"><\/p>\n<div class=\"mt-content\">\n<div class=\"mt-image-container\"><img decoding=\"async\" src=\"https:\/\/www.paparazzi.com.ar\/wp-content\/uploads\/2025\/10\/facundo-pieres-359x226.png\" alt=\"El terrible comentario de ex de Gabriela Sari por su romance con Facundo Pieres\" class=\"mt-image\" loading=\"lazy\" \/><\/div>\n<h5 class=\"mt-title\">El terrible comentario de ex de Gabriela Sari por su romance con Facundo Pieres<\/h5>\n<\/div>\n<p><\/a><\/div>\n<p>The post <a href=\"https:\/\/www.paparazzi.com.ar\/romances\/facundo-pieres-conto-toda-la-verdad-de-su-relacion-con-gabriela-sari-estoy-pasandola-bien\/\">Facundo Pieres cont\u00f3 toda la verdad de su relaci\u00f3n con Gabriela Sari: \u201cEstoy pas\u00e1ndola bien\u201d<\/a> appeared first on <a href=\"https:\/\/www.paparazzi.com.ar\">Revista Paparazzi<\/a>.<\/p>\n","protected":false},"excerpt":{"rendered":"<p>Se termin\u00f3 esa etapa h\u00edper medi\u00e1tica, en la que su nombre luc\u00eda en todos los<\/p>\n","protected":false},"author":0,"featured_media":10259,"comment_status":"","ping_status":"","sticky":false,"template":"","format":"standard","meta":{"footnotes":""},"categories":[11],"tags":[],"class_list":["post-10258","post","type-post","status-publish","format-standard","has-post-thumbnail","hentry","category-destacadas"],"yoast_head":"<!-- This site is optimized with the Yoast SEO plugin v27.4 - https:\/\/yoast.com\/product\/yoast-seo-wordpress\/ -->\n<title>Facundo Pieres cont\u00f3 toda la verdad de su relaci\u00f3n con Gabriela Sari: \u201cEstoy pas\u00e1ndola bien\u201d - Fm Gente<\/title>\n<meta name=\"robots\" content=\"index, follow, max-snippet:-1, max-image-preview:large, max-video-preview:-1\" \/>\n<link rel=\"canonical\" href=\"https:\/\/fmgente.com.ar\/web\/facundo-pieres-conto-toda-la-verdad-de-su-relacion-con-gabriela-sari-estoy-pasandola-bien\/\" \/>\n<meta property=\"og:locale\" content=\"es_ES\" \/>\n<meta property=\"og:type\" content=\"article\" \/>\n<meta property=\"og:title\" content=\"Facundo Pieres cont\u00f3 toda la verdad de su relaci\u00f3n con Gabriela Sari: \u201cEstoy pas\u00e1ndola bien\u201d - Fm Gente\" \/>\n<meta property=\"og:description\" content=\"Se termin\u00f3 esa etapa h\u00edper medi\u00e1tica, en la que su nombre luc\u00eda en todos los\" \/>\n<meta property=\"og:url\" content=\"https:\/\/fmgente.com.ar\/web\/facundo-pieres-conto-toda-la-verdad-de-su-relacion-con-gabriela-sari-estoy-pasandola-bien\/\" \/>\n<meta property=\"og:site_name\" content=\"Fm Gente\" \/>\n<meta property=\"article:published_time\" content=\"2025-11-21T01:05:05+00:00\" \/>\n<meta property=\"og:image\" content=\"https:\/\/fmgente.com.ar\/web\/wp-content\/uploads\/2025\/11\/Wanda-Nara-empleada-ex-359x226-3.jpg\" \/>\n\t<meta property=\"og:image:width\" content=\"359\" \/>\n\t<meta property=\"og:image:height\" content=\"226\" \/>\n\t<meta property=\"og:image:type\" content=\"image\/jpeg\" \/>\n<meta name=\"twitter:card\" content=\"summary_large_image\" \/>\n<meta name=\"twitter:label1\" content=\"Tiempo de lectura\" \/>\n\t<meta name=\"twitter:data1\" content=\"2 minutos\" \/>\n<script type=\"application\/ld+json\" class=\"yoast-schema-graph\">{\"@context\":\"https:\\\/\\\/schema.org\",\"@graph\":[{\"@type\":\"Article\",\"@id\":\"https:\\\/\\\/fmgente.com.ar\\\/web\\\/facundo-pieres-conto-toda-la-verdad-de-su-relacion-con-gabriela-sari-estoy-pasandola-bien\\\/#article\",\"isPartOf\":{\"@id\":\"https:\\\/\\\/fmgente.com.ar\\\/web\\\/facundo-pieres-conto-toda-la-verdad-de-su-relacion-con-gabriela-sari-estoy-pasandola-bien\\\/\"},\"author\":{\"name\":\"\",\"@id\":\"\"},\"headline\":\"Facundo Pieres cont\u00f3 toda la verdad de su relaci\u00f3n con Gabriela Sari: \u201cEstoy pas\u00e1ndola bien\u201d\",\"datePublished\":\"2025-11-21T01:05:05+00:00\",\"mainEntityOfPage\":{\"@id\":\"https:\\\/\\\/fmgente.com.ar\\\/web\\\/facundo-pieres-conto-toda-la-verdad-de-su-relacion-con-gabriela-sari-estoy-pasandola-bien\\\/\"},\"wordCount\":438,\"publisher\":{\"@id\":\"https:\\\/\\\/fmgente.com.ar\\\/web\\\/#organization\"},\"image\":{\"@id\":\"https:\\\/\\\/fmgente.com.ar\\\/web\\\/facundo-pieres-conto-toda-la-verdad-de-su-relacion-con-gabriela-sari-estoy-pasandola-bien\\\/#primaryimage\"},\"thumbnailUrl\":\"https:\\\/\\\/fmgente.com.ar\\\/web\\\/wp-content\\\/uploads\\\/2025\\\/11\\\/Wanda-Nara-empleada-ex-359x226-3.jpg\",\"articleSection\":[\"DESTACADAS\"],\"inLanguage\":\"es\"},{\"@type\":\"WebPage\",\"@id\":\"https:\\\/\\\/fmgente.com.ar\\\/web\\\/facundo-pieres-conto-toda-la-verdad-de-su-relacion-con-gabriela-sari-estoy-pasandola-bien\\\/\",\"url\":\"https:\\\/\\\/fmgente.com.ar\\\/web\\\/facundo-pieres-conto-toda-la-verdad-de-su-relacion-con-gabriela-sari-estoy-pasandola-bien\\\/\",\"name\":\"Facundo Pieres cont\u00f3 toda la verdad de su relaci\u00f3n con Gabriela Sari: \u201cEstoy pas\u00e1ndola bien\u201d - Fm Gente\",\"isPartOf\":{\"@id\":\"https:\\\/\\\/fmgente.com.ar\\\/web\\\/#website\"},\"primaryImageOfPage\":{\"@id\":\"https:\\\/\\\/fmgente.com.ar\\\/web\\\/facundo-pieres-conto-toda-la-verdad-de-su-relacion-con-gabriela-sari-estoy-pasandola-bien\\\/#primaryimage\"},\"image\":{\"@id\":\"https:\\\/\\\/fmgente.com.ar\\\/web\\\/facundo-pieres-conto-toda-la-verdad-de-su-relacion-con-gabriela-sari-estoy-pasandola-bien\\\/#primaryimage\"},\"thumbnailUrl\":\"https:\\\/\\\/fmgente.com.ar\\\/web\\\/wp-content\\\/uploads\\\/2025\\\/11\\\/Wanda-Nara-empleada-ex-359x226-3.jpg\",\"datePublished\":\"2025-11-21T01:05:05+00:00\",\"inLanguage\":\"es\",\"potentialAction\":[{\"@type\":\"ReadAction\",\"target\":[\"https:\\\/\\\/fmgente.com.ar\\\/web\\\/facundo-pieres-conto-toda-la-verdad-de-su-relacion-con-gabriela-sari-estoy-pasandola-bien\\\/\"]}]},{\"@type\":\"ImageObject\",\"inLanguage\":\"es\",\"@id\":\"https:\\\/\\\/fmgente.com.ar\\\/web\\\/facundo-pieres-conto-toda-la-verdad-de-su-relacion-con-gabriela-sari-estoy-pasandola-bien\\\/#primaryimage\",\"url\":\"https:\\\/\\\/fmgente.com.ar\\\/web\\\/wp-content\\\/uploads\\\/2025\\\/11\\\/Wanda-Nara-empleada-ex-359x226-3.jpg\",\"contentUrl\":\"https:\\\/\\\/fmgente.com.ar\\\/web\\\/wp-content\\\/uploads\\\/2025\\\/11\\\/Wanda-Nara-empleada-ex-359x226-3.jpg\",\"width\":359,\"height\":226},{\"@type\":\"WebSite\",\"@id\":\"https:\\\/\\\/fmgente.com.ar\\\/web\\\/#website\",\"url\":\"https:\\\/\\\/fmgente.com.ar\\\/web\\\/\",\"name\":\"Fm Gente\",\"description\":\"- Jes\u00fas Mar\u00eda\",\"publisher\":{\"@id\":\"https:\\\/\\\/fmgente.com.ar\\\/web\\\/#organization\"},\"potentialAction\":[{\"@type\":\"SearchAction\",\"target\":{\"@type\":\"EntryPoint\",\"urlTemplate\":\"https:\\\/\\\/fmgente.com.ar\\\/web\\\/?s={search_term_string}\"},\"query-input\":{\"@type\":\"PropertyValueSpecification\",\"valueRequired\":true,\"valueName\":\"search_term_string\"}}],\"inLanguage\":\"es\"},{\"@type\":\"Organization\",\"@id\":\"https:\\\/\\\/fmgente.com.ar\\\/web\\\/#organization\",\"name\":\"Fm Gente\",\"url\":\"https:\\\/\\\/fmgente.com.ar\\\/web\\\/\",\"logo\":{\"@type\":\"ImageObject\",\"inLanguage\":\"es\",\"@id\":\"https:\\\/\\\/fmgente.com.ar\\\/web\\\/#\\\/schema\\\/logo\\\/image\\\/\",\"url\":\"https:\\\/\\\/fmgente.com.ar\\\/web\\\/wp-content\\\/uploads\\\/2023\\\/07\\\/cropped-cropped-logo-sombra2.png\",\"contentUrl\":\"https:\\\/\\\/fmgente.com.ar\\\/web\\\/wp-content\\\/uploads\\\/2023\\\/07\\\/cropped-cropped-logo-sombra2.png\",\"width\":1782,\"height\":1782,\"caption\":\"Fm Gente\"},\"image\":{\"@id\":\"https:\\\/\\\/fmgente.com.ar\\\/web\\\/#\\\/schema\\\/logo\\\/image\\\/\"}}]}<\/script>\n<!-- \/ Yoast SEO plugin. -->","yoast_head_json":{"title":"Facundo Pieres cont\u00f3 toda la verdad de su relaci\u00f3n con Gabriela Sari: \u201cEstoy pas\u00e1ndola bien\u201d - Fm Gente","robots":{"index":"index","follow":"follow","max-snippet":"max-snippet:-1","max-image-preview":"max-image-preview:large","max-video-preview":"max-video-preview:-1"},"canonical":"https:\/\/fmgente.com.ar\/web\/facundo-pieres-conto-toda-la-verdad-de-su-relacion-con-gabriela-sari-estoy-pasandola-bien\/","og_locale":"es_ES","og_type":"article","og_title":"Facundo Pieres cont\u00f3 toda la verdad de su relaci\u00f3n con Gabriela Sari: \u201cEstoy pas\u00e1ndola bien\u201d - Fm Gente","og_description":"Se termin\u00f3 esa etapa h\u00edper medi\u00e1tica, en la que su nombre luc\u00eda en todos los","og_url":"https:\/\/fmgente.com.ar\/web\/facundo-pieres-conto-toda-la-verdad-de-su-relacion-con-gabriela-sari-estoy-pasandola-bien\/","og_site_name":"Fm Gente","article_published_time":"2025-11-21T01:05:05+00:00","og_image":[{"width":359,"height":226,"url":"https:\/\/fmgente.com.ar\/web\/wp-content\/uploads\/2025\/11\/Wanda-Nara-empleada-ex-359x226-3.jpg","type":"image\/jpeg"}],"twitter_card":"summary_large_image","twitter_misc":{"Tiempo de lectura":"2 minutos"},"schema":{"@context":"https:\/\/schema.org","@graph":[{"@type":"Article","@id":"https:\/\/fmgente.com.ar\/web\/facundo-pieres-conto-toda-la-verdad-de-su-relacion-con-gabriela-sari-estoy-pasandola-bien\/#article","isPartOf":{"@id":"https:\/\/fmgente.com.ar\/web\/facundo-pieres-conto-toda-la-verdad-de-su-relacion-con-gabriela-sari-estoy-pasandola-bien\/"},"author":{"name":"","@id":""},"headline":"Facundo Pieres cont\u00f3 toda la verdad de su relaci\u00f3n con Gabriela Sari: \u201cEstoy pas\u00e1ndola bien\u201d","datePublished":"2025-11-21T01:05:05+00:00","mainEntityOfPage":{"@id":"https:\/\/fmgente.com.ar\/web\/facundo-pieres-conto-toda-la-verdad-de-su-relacion-con-gabriela-sari-estoy-pasandola-bien\/"},"wordCount":438,"publisher":{"@id":"https:\/\/fmgente.com.ar\/web\/#organization"},"image":{"@id":"https:\/\/fmgente.com.ar\/web\/facundo-pieres-conto-toda-la-verdad-de-su-relacion-con-gabriela-sari-estoy-pasandola-bien\/#primaryimage"},"thumbnailUrl":"https:\/\/fmgente.com.ar\/web\/wp-content\/uploads\/2025\/11\/Wanda-Nara-empleada-ex-359x226-3.jpg","articleSection":["DESTACADAS"],"inLanguage":"es"},{"@type":"WebPage","@id":"https:\/\/fmgente.com.ar\/web\/facundo-pieres-conto-toda-la-verdad-de-su-relacion-con-gabriela-sari-estoy-pasandola-bien\/","url":"https:\/\/fmgente.com.ar\/web\/facundo-pieres-conto-toda-la-verdad-de-su-relacion-con-gabriela-sari-estoy-pasandola-bien\/","name":"Facundo Pieres cont\u00f3 toda la verdad de su relaci\u00f3n con Gabriela Sari: \u201cEstoy pas\u00e1ndola bien\u201d - Fm Gente","isPartOf":{"@id":"https:\/\/fmgente.com.ar\/web\/#website"},"primaryImageOfPage":{"@id":"https:\/\/fmgente.com.ar\/web\/facundo-pieres-conto-toda-la-verdad-de-su-relacion-con-gabriela-sari-estoy-pasandola-bien\/#primaryimage"},"image":{"@id":"https:\/\/fmgente.com.ar\/web\/facundo-pieres-conto-toda-la-verdad-de-su-relacion-con-gabriela-sari-estoy-pasandola-bien\/#primaryimage"},"thumbnailUrl":"https:\/\/fmgente.com.ar\/web\/wp-content\/uploads\/2025\/11\/Wanda-Nara-empleada-ex-359x226-3.jpg","datePublished":"2025-11-21T01:05:05+00:00","inLanguage":"es","potentialAction":[{"@type":"ReadAction","target":["https:\/\/fmgente.com.ar\/web\/facundo-pieres-conto-toda-la-verdad-de-su-relacion-con-gabriela-sari-estoy-pasandola-bien\/"]}]},{"@type":"ImageObject","inLanguage":"es","@id":"https:\/\/fmgente.com.ar\/web\/facundo-pieres-conto-toda-la-verdad-de-su-relacion-con-gabriela-sari-estoy-pasandola-bien\/#primaryimage","url":"https:\/\/fmgente.com.ar\/web\/wp-content\/uploads\/2025\/11\/Wanda-Nara-empleada-ex-359x226-3.jpg","contentUrl":"https:\/\/fmgente.com.ar\/web\/wp-content\/uploads\/2025\/11\/Wanda-Nara-empleada-ex-359x226-3.jpg","width":359,"height":226},{"@type":"WebSite","@id":"https:\/\/fmgente.com.ar\/web\/#website","url":"https:\/\/fmgente.com.ar\/web\/","name":"Fm Gente","description":"- Jes\u00fas Mar\u00eda","publisher":{"@id":"https:\/\/fmgente.com.ar\/web\/#organization"},"potentialAction":[{"@type":"SearchAction","target":{"@type":"EntryPoint","urlTemplate":"https:\/\/fmgente.com.ar\/web\/?s={search_term_string}"},"query-input":{"@type":"PropertyValueSpecification","valueRequired":true,"valueName":"search_term_string"}}],"inLanguage":"es"},{"@type":"Organization","@id":"https:\/\/fmgente.com.ar\/web\/#organization","name":"Fm Gente","url":"https:\/\/fmgente.com.ar\/web\/","logo":{"@type":"ImageObject","inLanguage":"es","@id":"https:\/\/fmgente.com.ar\/web\/#\/schema\/logo\/image\/","url":"https:\/\/fmgente.com.ar\/web\/wp-content\/uploads\/2023\/07\/cropped-cropped-logo-sombra2.png","contentUrl":"https:\/\/fmgente.com.ar\/web\/wp-content\/uploads\/2023\/07\/cropped-cropped-logo-sombra2.png","width":1782,"height":1782,"caption":"Fm Gente"},"image":{"@id":"https:\/\/fmgente.com.ar\/web\/#\/schema\/logo\/image\/"}}]}},"_links":{"self":[{"href":"https:\/\/fmgente.com.ar\/web\/wp-json\/wp\/v2\/posts\/10258","targetHints":{"allow":["GET"]}}],"collection":[{"href":"https:\/\/fmgente.com.ar\/web\/wp-json\/wp\/v2\/posts"}],"about":[{"href":"https:\/\/fmgente.com.ar\/web\/wp-json\/wp\/v2\/types\/post"}],"replies":[{"embeddable":true,"href":"https:\/\/fmgente.com.ar\/web\/wp-json\/wp\/v2\/comments?post=10258"}],"version-history":[{"count":0,"href":"https:\/\/fmgente.com.ar\/web\/wp-json\/wp\/v2\/posts\/10258\/revisions"}],"wp:featuredmedia":[{"embeddable":true,"href":"https:\/\/fmgente.com.ar\/web\/wp-json\/wp\/v2\/media\/10259"}],"wp:attachment":[{"href":"https:\/\/fmgente.com.ar\/web\/wp-json\/wp\/v2\/media?parent=10258"}],"wp:term":[{"taxonomy":"category","embeddable":true,"href":"https:\/\/fmgente.com.ar\/web\/wp-json\/wp\/v2\/categories?post=10258"},{"taxonomy":"post_tag","embeddable":true,"href":"https:\/\/fmgente.com.ar\/web\/wp-json\/wp\/v2\/tags?post=10258"}],"curies":[{"name":"wp","href":"https:\/\/api.w.org\/{rel}","templated":true}]}}