{"id":10252,"date":"2025-11-20T20:05:00","date_gmt":"2025-11-20T23:05:00","guid":{"rendered":"https:\/\/fmgente.com.ar\/el-dramatico-robo-a-la-familia-de-mariano-grondona-cuando-4-ladrones-entraron-a-su-casa\/"},"modified":"2025-11-20T20:05:00","modified_gmt":"2025-11-20T23:05:00","slug":"el-dramatico-robo-a-la-familia-de-mariano-grondona-cuando-4-ladrones-entraron-a-su-casa","status":"publish","type":"post","link":"https:\/\/fmgente.com.ar\/web\/el-dramatico-robo-a-la-familia-de-mariano-grondona-cuando-4-ladrones-entraron-a-su-casa\/","title":{"rendered":"El dram\u00e1tico robo a la familia de Mariano Grondona cuando 4 ladrones entraron a su casa"},"content":{"rendered":"<p>La madrugada en La Horqueta arranc\u00f3 como cualquier otra, hasta que la tranquilidad del barrio se quebr\u00f3 de manera inesperada. En cuesti\u00f3n de minutos, la familia de<strong> Jacinta Grondona<\/strong> -una de las hijas del reconocido periodista <strong>Mariano Grondona<\/strong>&#8211; qued\u00f3 a merced de un violento asalto que los tom\u00f3 completamente por sorpresa.<\/p>\n<p>Lo que deb\u00eda ser una noche m\u00e1s en su casa de Luis Mar\u00eda Campos y Blanco Encalada termin\u00f3 convirti\u00e9ndose en un episodio que dej\u00f3 a todos conmocionados. <strong><a href=\"https:\/\/www.paparazzi.com.ar\/teve\/preocupacion-por-la-salud-de-mariano-grondona-a-sus-92-anos-esta-muy-delicado-y\/\">Jacinta<\/a><\/strong> se encontraba junto a su esposo, el empresario <strong>Ernesto van Peborgh<\/strong>, de 64 a\u00f1os, uno de sus hijos y una empleada dom\u00e9stica.<\/p>\n<p>Nada hac\u00eda prever lo que estaba por suceder, hasta que el adolescente escuch\u00f3 ruidos que no encajaban con la rutina familiar. Intrigado y alerta, decidi\u00f3 acercarse a la zona del patio trasero, sin imaginar que estaba a segundos de enfrentar la escena que cambiar\u00eda el curso de la noche: cuatro delincuentes estaban entrando por una puerta balc\u00f3n.<\/p>\n<div class=\"mt-box \">\n<h4 class=\"mt-heading\">Mir\u00e1 Tambi\u00e9n<\/h4>\n<p><a href=\"https:\/\/www.paparazzi.com.ar\/videos\/exclusivo-la-sensible-revelacion-de-luis-ventura-sobre-sus-noches-duermo-con-los-seres-queridos-que-ya-partieron\/\"><\/p>\n<div class=\"mt-content\">\n<div class=\"mt-image-container\"><img decoding=\"async\" src=\"https:\/\/www.paparazzi.com.ar\/wp-content\/uploads\/2025\/11\/Ventura-1-359x226.jpg\" alt=\"\u00a1Exclusivo! La sensible revelaci\u00f3n de Luis Ventura sobre sus noches: &quot;Duermo con los seres queridos que ya partieron&quot;\" class=\"mt-image\" loading=\"lazy\" \/><\/div>\n<h5 class=\"mt-title\">\u00a1Exclusivo! La sensible revelaci\u00f3n de Luis Ventura sobre sus noches: \u00abDuermo con los seres queridos que ya partieron\u00bb<\/h5>\n<\/div>\n<p><\/a><\/div>\n<p>La irrupci\u00f3n a la casa de <strong><a href=\"https:\/\/www.paparazzi.com.ar\/teve\/la-esposa-de-mariano-grondona-mostro-como-es-su-imponente-y-senorial-mansion-en-barrio-parque\/\">Grondona<\/a><\/strong> fue inmediata. Los ladrones avanzaron con violencia, reduciendo a todos los presentes sin dar espacio a ning\u00fan tipo de resistencia. Seg\u00fan la polic\u00eda, los asaltantes exigieron dinero y joyas. La familia, temiendo por su integridad, entreg\u00f3 todo lo que ten\u00edan a mano. La prioridad era una sola: salir ilesos.<\/p>\n<h2 class=\"wp-block-heading\">C\u00d3MO SE ENCUENTRA LA HIJA DE MARIANO GRONDONA TRAS EL VIOLENTO ROBO QUE SUFRI\u00d3<\/h2>\n<p><em>\u201cAntes de huir, los ladrones ataron a las v\u00edctimas. La propiedad asaltada no tiene c\u00e1maras de seguridad que hayan registrado el robo o la fuga de los delincuentes\u201d<\/em>, informaron fuentes policiales. A pesar del shock, <strong><a href=\"https:\/\/www.paparazzi.com.ar\/tag\/mariano-grondona\/\">Jacinta<\/a><\/strong> y su familia lograron superar este episodio sin sufrir lesiones f\u00edsicas, aunque con el temor, la impotencia y un robo que los tom\u00f3 por sorpresa.<\/p>\n<p>El caso qued\u00f3 a cargo de la UFI de Boulogne, que ya trabaja en el an\u00e1lisis de c\u00e1maras de seguridad del barrio para intentar reconstruir el recorrido de los delincuentes antes y despu\u00e9s del hecho. Aunque el domicilio en s\u00ed no contaba con registro f\u00edlmico, el per\u00edmetro podr\u00eda ofrecer pistas clave para avanzar en la investigaci\u00f3n.<\/p>\n<div class=\"mt-box \">\n<h4 class=\"mt-heading\">Mir\u00e1 Tambi\u00e9n<\/h4>\n<p><a href=\"https:\/\/www.paparazzi.com.ar\/teve\/preocupacion-por-la-salud-de-mariano-grondona-a-sus-92-anos-esta-muy-delicado-y\/\"><\/p>\n<div class=\"mt-content\">\n<div class=\"mt-image-container\"><img decoding=\"async\" src=\"https:\/\/www.paparazzi.com.ar\/wp-content\/uploads\/2025\/09\/Mariano-Grondona.jpg.webp\" alt=\"Preocupaci\u00f3n por la salud de Mariano Grondona a sus 92 a\u00f1os: &quot;Est\u00e1 muy delicado y\u2026&quot;\" class=\"mt-image\" loading=\"lazy\" \/><\/div>\n<h5 class=\"mt-title\">Preocupaci\u00f3n por la salud de Mariano Grondona a sus 92 a\u00f1os: \u00abEst\u00e1 muy delicado y\u2026\u00bb<\/h5>\n<\/div>\n<p><\/a><\/div>\n<p>Desde la polic\u00eda buscan aclarar el m\u00f3vil del ataque. <em>\u201cCreemos que fue un robo al voleo\u201d<\/em>, aseguraron, descartando por ahora un operativo premeditado. Las mismas fuentes agregaron: <em>\u201cPor el modus operandi no se trat\u00f3 de otro golpe de la banda del Mill\u00f3n\u201d<\/em>. Esto viene generando mucha preocupaci\u00f3n en la zona norte, por la violencia de sus atracos.<\/p>\n<div class=\"mt-box \">\n<h4 class=\"mt-heading\">Mir\u00e1 Tambi\u00e9n<\/h4>\n<p><a href=\"https:\/\/www.paparazzi.com.ar\/teve\/la-esposa-de-mariano-grondona-mostro-como-es-su-imponente-y-senorial-mansion-en-barrio-parque\/\"><\/p>\n<div class=\"mt-content\">\n<div class=\"mt-image-container\"><img decoding=\"async\" src=\"https:\/\/www.paparazzi.com.ar\/wp-content\/uploads\/2024\/11\/grondona-lyncha-casa.jpg.webp\" alt=\"La esposa de Mariano Grondona mostr\u00f3 c\u00f3mo es su imponente y se\u00f1orial mansi\u00f3n en Barrio Parque\" class=\"mt-image\" loading=\"lazy\" \/><\/div>\n<h5 class=\"mt-title\">La esposa de Mariano Grondona mostr\u00f3 c\u00f3mo es su imponente y se\u00f1orial mansi\u00f3n en Barrio Parque<\/h5>\n<\/div>\n<p><\/a><\/div>\n<div class=\"mt-box no-display\">\n<h4 class=\"mt-heading\">Mir\u00e1 Tambi\u00e9n<\/h4>\n<p><a href=\"https:\/\/www.paparazzi.com.ar\/tag\/mariano-grondona\/\"><\/p>\n<div class=\"mt-content\">\n<div class=\"mt-image-container\"><img alt=\"undefined\" class=\"mt-image\" loading=\"lazy\" \/><\/div>\n<h5 class=\"mt-title\">undefined<\/h5>\n<\/div>\n<p><\/a><\/div>\n<\/p>\n<p>The post <a href=\"https:\/\/www.paparazzi.com.ar\/teve\/el-dramatico-robo-a-la-familia-de-mariano-grondona-cuando-4-ladrones-entraron-a-su-casa\/\">El dram\u00e1tico robo a la familia de Mariano Grondona cuando 4 ladrones entraron a su casa<\/a> appeared first on <a href=\"https:\/\/www.paparazzi.com.ar\">Revista Paparazzi<\/a>.<\/p>\n","protected":false},"excerpt":{"rendered":"<p>La madrugada en La Horqueta arranc\u00f3 como cualquier otra, hasta que la tranquilidad del barrio<\/p>\n","protected":false},"author":0,"featured_media":10253,"comment_status":"","ping_status":"","sticky":false,"template":"","format":"standard","meta":{"footnotes":""},"categories":[11],"tags":[],"class_list":["post-10252","post","type-post","status-publish","format-standard","has-post-thumbnail","hentry","category-destacadas"],"yoast_head":"<!-- This site is optimized with the Yoast SEO plugin v27.4 - https:\/\/yoast.com\/product\/yoast-seo-wordpress\/ -->\n<title>El dram\u00e1tico robo a la familia de Mariano Grondona cuando 4 ladrones entraron a su casa - Fm Gente<\/title>\n<meta name=\"robots\" content=\"index, follow, max-snippet:-1, max-image-preview:large, max-video-preview:-1\" \/>\n<link rel=\"canonical\" href=\"https:\/\/fmgente.com.ar\/web\/el-dramatico-robo-a-la-familia-de-mariano-grondona-cuando-4-ladrones-entraron-a-su-casa\/\" \/>\n<meta property=\"og:locale\" content=\"es_ES\" \/>\n<meta property=\"og:type\" content=\"article\" \/>\n<meta property=\"og:title\" content=\"El dram\u00e1tico robo a la familia de Mariano Grondona cuando 4 ladrones entraron a su casa - Fm Gente\" \/>\n<meta property=\"og:description\" content=\"La madrugada en La Horqueta arranc\u00f3 como cualquier otra, hasta que la tranquilidad del barrio\" \/>\n<meta property=\"og:url\" content=\"https:\/\/fmgente.com.ar\/web\/el-dramatico-robo-a-la-familia-de-mariano-grondona-cuando-4-ladrones-entraron-a-su-casa\/\" \/>\n<meta property=\"og:site_name\" content=\"Fm Gente\" \/>\n<meta property=\"article:published_time\" content=\"2025-11-20T23:05:00+00:00\" \/>\n<meta property=\"og:image\" content=\"https:\/\/fmgente.com.ar\/web\/wp-content\/uploads\/2025\/11\/Ventura-1-359x226-60.jpg\" \/>\n\t<meta property=\"og:image:width\" content=\"359\" \/>\n\t<meta property=\"og:image:height\" content=\"226\" \/>\n\t<meta property=\"og:image:type\" content=\"image\/jpeg\" \/>\n<meta name=\"twitter:card\" content=\"summary_large_image\" \/>\n<meta name=\"twitter:label1\" content=\"Tiempo de lectura\" \/>\n\t<meta name=\"twitter:data1\" content=\"3 minutos\" \/>\n<script type=\"application\/ld+json\" class=\"yoast-schema-graph\">{\"@context\":\"https:\\\/\\\/schema.org\",\"@graph\":[{\"@type\":\"Article\",\"@id\":\"https:\\\/\\\/fmgente.com.ar\\\/web\\\/el-dramatico-robo-a-la-familia-de-mariano-grondona-cuando-4-ladrones-entraron-a-su-casa\\\/#article\",\"isPartOf\":{\"@id\":\"https:\\\/\\\/fmgente.com.ar\\\/web\\\/el-dramatico-robo-a-la-familia-de-mariano-grondona-cuando-4-ladrones-entraron-a-su-casa\\\/\"},\"author\":{\"name\":\"\",\"@id\":\"\"},\"headline\":\"El dram\u00e1tico robo a la familia de Mariano Grondona cuando 4 ladrones entraron a su casa\",\"datePublished\":\"2025-11-20T23:05:00+00:00\",\"mainEntityOfPage\":{\"@id\":\"https:\\\/\\\/fmgente.com.ar\\\/web\\\/el-dramatico-robo-a-la-familia-de-mariano-grondona-cuando-4-ladrones-entraron-a-su-casa\\\/\"},\"wordCount\":537,\"publisher\":{\"@id\":\"https:\\\/\\\/fmgente.com.ar\\\/web\\\/#organization\"},\"image\":{\"@id\":\"https:\\\/\\\/fmgente.com.ar\\\/web\\\/el-dramatico-robo-a-la-familia-de-mariano-grondona-cuando-4-ladrones-entraron-a-su-casa\\\/#primaryimage\"},\"thumbnailUrl\":\"https:\\\/\\\/fmgente.com.ar\\\/web\\\/wp-content\\\/uploads\\\/2025\\\/11\\\/Ventura-1-359x226-60.jpg\",\"articleSection\":[\"DESTACADAS\"],\"inLanguage\":\"es\"},{\"@type\":\"WebPage\",\"@id\":\"https:\\\/\\\/fmgente.com.ar\\\/web\\\/el-dramatico-robo-a-la-familia-de-mariano-grondona-cuando-4-ladrones-entraron-a-su-casa\\\/\",\"url\":\"https:\\\/\\\/fmgente.com.ar\\\/web\\\/el-dramatico-robo-a-la-familia-de-mariano-grondona-cuando-4-ladrones-entraron-a-su-casa\\\/\",\"name\":\"El dram\u00e1tico robo a la familia de Mariano Grondona cuando 4 ladrones entraron a su casa - Fm Gente\",\"isPartOf\":{\"@id\":\"https:\\\/\\\/fmgente.com.ar\\\/web\\\/#website\"},\"primaryImageOfPage\":{\"@id\":\"https:\\\/\\\/fmgente.com.ar\\\/web\\\/el-dramatico-robo-a-la-familia-de-mariano-grondona-cuando-4-ladrones-entraron-a-su-casa\\\/#primaryimage\"},\"image\":{\"@id\":\"https:\\\/\\\/fmgente.com.ar\\\/web\\\/el-dramatico-robo-a-la-familia-de-mariano-grondona-cuando-4-ladrones-entraron-a-su-casa\\\/#primaryimage\"},\"thumbnailUrl\":\"https:\\\/\\\/fmgente.com.ar\\\/web\\\/wp-content\\\/uploads\\\/2025\\\/11\\\/Ventura-1-359x226-60.jpg\",\"datePublished\":\"2025-11-20T23:05:00+00:00\",\"inLanguage\":\"es\",\"potentialAction\":[{\"@type\":\"ReadAction\",\"target\":[\"https:\\\/\\\/fmgente.com.ar\\\/web\\\/el-dramatico-robo-a-la-familia-de-mariano-grondona-cuando-4-ladrones-entraron-a-su-casa\\\/\"]}]},{\"@type\":\"ImageObject\",\"inLanguage\":\"es\",\"@id\":\"https:\\\/\\\/fmgente.com.ar\\\/web\\\/el-dramatico-robo-a-la-familia-de-mariano-grondona-cuando-4-ladrones-entraron-a-su-casa\\\/#primaryimage\",\"url\":\"https:\\\/\\\/fmgente.com.ar\\\/web\\\/wp-content\\\/uploads\\\/2025\\\/11\\\/Ventura-1-359x226-60.jpg\",\"contentUrl\":\"https:\\\/\\\/fmgente.com.ar\\\/web\\\/wp-content\\\/uploads\\\/2025\\\/11\\\/Ventura-1-359x226-60.jpg\",\"width\":359,\"height\":226},{\"@type\":\"WebSite\",\"@id\":\"https:\\\/\\\/fmgente.com.ar\\\/web\\\/#website\",\"url\":\"https:\\\/\\\/fmgente.com.ar\\\/web\\\/\",\"name\":\"Fm Gente\",\"description\":\"- Jes\u00fas Mar\u00eda\",\"publisher\":{\"@id\":\"https:\\\/\\\/fmgente.com.ar\\\/web\\\/#organization\"},\"potentialAction\":[{\"@type\":\"SearchAction\",\"target\":{\"@type\":\"EntryPoint\",\"urlTemplate\":\"https:\\\/\\\/fmgente.com.ar\\\/web\\\/?s={search_term_string}\"},\"query-input\":{\"@type\":\"PropertyValueSpecification\",\"valueRequired\":true,\"valueName\":\"search_term_string\"}}],\"inLanguage\":\"es\"},{\"@type\":\"Organization\",\"@id\":\"https:\\\/\\\/fmgente.com.ar\\\/web\\\/#organization\",\"name\":\"Fm Gente\",\"url\":\"https:\\\/\\\/fmgente.com.ar\\\/web\\\/\",\"logo\":{\"@type\":\"ImageObject\",\"inLanguage\":\"es\",\"@id\":\"https:\\\/\\\/fmgente.com.ar\\\/web\\\/#\\\/schema\\\/logo\\\/image\\\/\",\"url\":\"https:\\\/\\\/fmgente.com.ar\\\/web\\\/wp-content\\\/uploads\\\/2023\\\/07\\\/cropped-cropped-logo-sombra2.png\",\"contentUrl\":\"https:\\\/\\\/fmgente.com.ar\\\/web\\\/wp-content\\\/uploads\\\/2023\\\/07\\\/cropped-cropped-logo-sombra2.png\",\"width\":1782,\"height\":1782,\"caption\":\"Fm Gente\"},\"image\":{\"@id\":\"https:\\\/\\\/fmgente.com.ar\\\/web\\\/#\\\/schema\\\/logo\\\/image\\\/\"}}]}<\/script>\n<!-- \/ Yoast SEO plugin. -->","yoast_head_json":{"title":"El dram\u00e1tico robo a la familia de Mariano Grondona cuando 4 ladrones entraron a su casa - Fm Gente","robots":{"index":"index","follow":"follow","max-snippet":"max-snippet:-1","max-image-preview":"max-image-preview:large","max-video-preview":"max-video-preview:-1"},"canonical":"https:\/\/fmgente.com.ar\/web\/el-dramatico-robo-a-la-familia-de-mariano-grondona-cuando-4-ladrones-entraron-a-su-casa\/","og_locale":"es_ES","og_type":"article","og_title":"El dram\u00e1tico robo a la familia de Mariano Grondona cuando 4 ladrones entraron a su casa - Fm Gente","og_description":"La madrugada en La Horqueta arranc\u00f3 como cualquier otra, hasta que la tranquilidad del barrio","og_url":"https:\/\/fmgente.com.ar\/web\/el-dramatico-robo-a-la-familia-de-mariano-grondona-cuando-4-ladrones-entraron-a-su-casa\/","og_site_name":"Fm Gente","article_published_time":"2025-11-20T23:05:00+00:00","og_image":[{"width":359,"height":226,"url":"https:\/\/fmgente.com.ar\/web\/wp-content\/uploads\/2025\/11\/Ventura-1-359x226-60.jpg","type":"image\/jpeg"}],"twitter_card":"summary_large_image","twitter_misc":{"Tiempo de lectura":"3 minutos"},"schema":{"@context":"https:\/\/schema.org","@graph":[{"@type":"Article","@id":"https:\/\/fmgente.com.ar\/web\/el-dramatico-robo-a-la-familia-de-mariano-grondona-cuando-4-ladrones-entraron-a-su-casa\/#article","isPartOf":{"@id":"https:\/\/fmgente.com.ar\/web\/el-dramatico-robo-a-la-familia-de-mariano-grondona-cuando-4-ladrones-entraron-a-su-casa\/"},"author":{"name":"","@id":""},"headline":"El dram\u00e1tico robo a la familia de Mariano Grondona cuando 4 ladrones entraron a su casa","datePublished":"2025-11-20T23:05:00+00:00","mainEntityOfPage":{"@id":"https:\/\/fmgente.com.ar\/web\/el-dramatico-robo-a-la-familia-de-mariano-grondona-cuando-4-ladrones-entraron-a-su-casa\/"},"wordCount":537,"publisher":{"@id":"https:\/\/fmgente.com.ar\/web\/#organization"},"image":{"@id":"https:\/\/fmgente.com.ar\/web\/el-dramatico-robo-a-la-familia-de-mariano-grondona-cuando-4-ladrones-entraron-a-su-casa\/#primaryimage"},"thumbnailUrl":"https:\/\/fmgente.com.ar\/web\/wp-content\/uploads\/2025\/11\/Ventura-1-359x226-60.jpg","articleSection":["DESTACADAS"],"inLanguage":"es"},{"@type":"WebPage","@id":"https:\/\/fmgente.com.ar\/web\/el-dramatico-robo-a-la-familia-de-mariano-grondona-cuando-4-ladrones-entraron-a-su-casa\/","url":"https:\/\/fmgente.com.ar\/web\/el-dramatico-robo-a-la-familia-de-mariano-grondona-cuando-4-ladrones-entraron-a-su-casa\/","name":"El dram\u00e1tico robo a la familia de Mariano Grondona cuando 4 ladrones entraron a su casa - Fm Gente","isPartOf":{"@id":"https:\/\/fmgente.com.ar\/web\/#website"},"primaryImageOfPage":{"@id":"https:\/\/fmgente.com.ar\/web\/el-dramatico-robo-a-la-familia-de-mariano-grondona-cuando-4-ladrones-entraron-a-su-casa\/#primaryimage"},"image":{"@id":"https:\/\/fmgente.com.ar\/web\/el-dramatico-robo-a-la-familia-de-mariano-grondona-cuando-4-ladrones-entraron-a-su-casa\/#primaryimage"},"thumbnailUrl":"https:\/\/fmgente.com.ar\/web\/wp-content\/uploads\/2025\/11\/Ventura-1-359x226-60.jpg","datePublished":"2025-11-20T23:05:00+00:00","inLanguage":"es","potentialAction":[{"@type":"ReadAction","target":["https:\/\/fmgente.com.ar\/web\/el-dramatico-robo-a-la-familia-de-mariano-grondona-cuando-4-ladrones-entraron-a-su-casa\/"]}]},{"@type":"ImageObject","inLanguage":"es","@id":"https:\/\/fmgente.com.ar\/web\/el-dramatico-robo-a-la-familia-de-mariano-grondona-cuando-4-ladrones-entraron-a-su-casa\/#primaryimage","url":"https:\/\/fmgente.com.ar\/web\/wp-content\/uploads\/2025\/11\/Ventura-1-359x226-60.jpg","contentUrl":"https:\/\/fmgente.com.ar\/web\/wp-content\/uploads\/2025\/11\/Ventura-1-359x226-60.jpg","width":359,"height":226},{"@type":"WebSite","@id":"https:\/\/fmgente.com.ar\/web\/#website","url":"https:\/\/fmgente.com.ar\/web\/","name":"Fm Gente","description":"- Jes\u00fas Mar\u00eda","publisher":{"@id":"https:\/\/fmgente.com.ar\/web\/#organization"},"potentialAction":[{"@type":"SearchAction","target":{"@type":"EntryPoint","urlTemplate":"https:\/\/fmgente.com.ar\/web\/?s={search_term_string}"},"query-input":{"@type":"PropertyValueSpecification","valueRequired":true,"valueName":"search_term_string"}}],"inLanguage":"es"},{"@type":"Organization","@id":"https:\/\/fmgente.com.ar\/web\/#organization","name":"Fm Gente","url":"https:\/\/fmgente.com.ar\/web\/","logo":{"@type":"ImageObject","inLanguage":"es","@id":"https:\/\/fmgente.com.ar\/web\/#\/schema\/logo\/image\/","url":"https:\/\/fmgente.com.ar\/web\/wp-content\/uploads\/2023\/07\/cropped-cropped-logo-sombra2.png","contentUrl":"https:\/\/fmgente.com.ar\/web\/wp-content\/uploads\/2023\/07\/cropped-cropped-logo-sombra2.png","width":1782,"height":1782,"caption":"Fm Gente"},"image":{"@id":"https:\/\/fmgente.com.ar\/web\/#\/schema\/logo\/image\/"}}]}},"_links":{"self":[{"href":"https:\/\/fmgente.com.ar\/web\/wp-json\/wp\/v2\/posts\/10252","targetHints":{"allow":["GET"]}}],"collection":[{"href":"https:\/\/fmgente.com.ar\/web\/wp-json\/wp\/v2\/posts"}],"about":[{"href":"https:\/\/fmgente.com.ar\/web\/wp-json\/wp\/v2\/types\/post"}],"replies":[{"embeddable":true,"href":"https:\/\/fmgente.com.ar\/web\/wp-json\/wp\/v2\/comments?post=10252"}],"version-history":[{"count":0,"href":"https:\/\/fmgente.com.ar\/web\/wp-json\/wp\/v2\/posts\/10252\/revisions"}],"wp:featuredmedia":[{"embeddable":true,"href":"https:\/\/fmgente.com.ar\/web\/wp-json\/wp\/v2\/media\/10253"}],"wp:attachment":[{"href":"https:\/\/fmgente.com.ar\/web\/wp-json\/wp\/v2\/media?parent=10252"}],"wp:term":[{"taxonomy":"category","embeddable":true,"href":"https:\/\/fmgente.com.ar\/web\/wp-json\/wp\/v2\/categories?post=10252"},{"taxonomy":"post_tag","embeddable":true,"href":"https:\/\/fmgente.com.ar\/web\/wp-json\/wp\/v2\/tags?post=10252"}],"curies":[{"name":"wp","href":"https:\/\/api.w.org\/{rel}","templated":true}]}}